{"id":101046,"date":"2017-01-09T21:50:10","date_gmt":"2017-01-09T19:50:10","guid":{"rendered":"http:\/\/www.sana.sy\/tr\/?p=101046"},"modified":"2017-01-10T09:59:58","modified_gmt":"2017-01-10T07:59:58","slug":"fuar-kapsaminda-bircok-ihracat-sozlesmesi-imzalandi-video","status":"publish","type":"post","link":"https:\/\/archive.sana.sy\/tr\/?p=101046","title":{"rendered":"Fuar Kapsam\u0131nda Bir\u00e7ok \u0130hracat S\u00f6zle\u015fmesi \u0130mzaland\u0131 (video)"},"content":{"rendered":"<p>\u015eAM \u2013 Suriyeli \u0130hracat\u00e7\u0131lar Birli\u011finin Ekonomi ve D\u0131\u015f Ticaret Bakanl\u0131\u011f\u0131 ile i\u015fbirli\u011fi i\u00e7erisinde d\u00fczenledi\u011fi ve \u00fc\u00e7 g\u00fcn s\u00fcresince ziyaret\u00e7ilerini a\u011f\u0131rlayan \u0130hracat ve \u0130hracat Teknolojileri Fuar\u0131 faaliyetlerini noktalad\u0131.<\/p>\n<p>Gazetecilere bir a\u00e7\u0131klama yapan \u0130hracat\u00e7\u0131lar Birli\u011fi Ba\u015fkan\u0131 Muhammed el Sevvah, fuar kapsam\u0131nda ba\u015fta Irakl\u0131 i\u015fadamlar\u0131 olmak \u00fczere kat\u0131l\u0131mc\u0131 b\u00fct\u00fcn i\u015f adamlar\u0131yla \u00e7ok say\u0131da ihracat s\u00f6zle\u015fmesi imzaland\u0131\u011f\u0131n\u0131 ifade ederek fuarda sergilenen \u00fcr\u00fcnlerin ge\u00e7ti\u011fimiz g\u00fcnlerde Lazkiye\u2019nin Ceble il\u00e7esinde ya\u015fanan patlamada hayat\u0131n\u0131 kaybeden \u015fehitlerimizin ailelerine ve yaralanan gazilerimize ba\u011f\u0131\u015fland\u0131\u011f\u0131n\u0131 belirtti.<\/p>\n<p>Fuar\u0131n Irakl\u0131 ve kat\u0131l\u0131mc\u0131 b\u00fct\u00fcn t\u00fcccarlara Suriyeli \u00fcr\u00fcnleri tan\u0131ma f\u0131rsat\u0131 te\u015fkil etti\u011fini dile getiren Sevvah; Halep hava alan\u0131 ve fabrikalar\u0131n\u0131n yeniden faaliyete ba\u015flamas\u0131n\u0131n Suriye\u2019de sanayi ve ticaretin eskisinden daha aktif bir \u015fekilde ba\u015flamas\u0131n\u0131n bir yans\u0131mas\u0131 oldu\u011funun alt\u0131n\u0131 \u00e7izdi.<\/p>\n<p>https:\/\/www.youtube.com\/watch?v=7rrxGjaDigg<\/p>\n<div id='gallery-1' class='gallery galleryid-101046 gallery-columns-2 gallery-size-medium'><figure class='gallery-item'>\n\t\t\t<div class='gallery-icon landscape'>\n\t\t\t\t<a href='https:\/\/archive.sana.sy\/tr\/wp-content\/uploads\/2017\/01\/fuar-6.jpg'><img loading=\"lazy\" decoding=\"async\" width=\"300\" height=\"168\" src=\"https:\/\/archive.sana.sy\/tr\/wp-content\/uploads\/2017\/01\/fuar-6-300x168.jpg\" class=\"attachment-medium size-medium\" alt=\"\" srcset=\"https:\/\/archive.sana.sy\/tr\/wp-content\/uploads\/2017\/01\/fuar-6-300x168.jpg 300w, https:\/\/archive.sana.sy\/tr\/wp-content\/uploads\/2017\/01\/fuar-6-150x84.jpg 150w, https:\/\/archive.sana.sy\/tr\/wp-content\/uploads\/2017\/01\/fuar-6.jpg 660w\" sizes=\"auto, (max-width: 300px) 100vw, 300px\" \/><\/a>\n\t\t\t<\/div><\/figure><figure class='gallery-item'>\n\t\t\t<div class='gallery-icon landscape'>\n\t\t\t\t<a href='https:\/\/archive.sana.sy\/tr\/wp-content\/uploads\/2017\/01\/fuar-1.jpg'><img loading=\"lazy\" decoding=\"async\" width=\"300\" height=\"200\" src=\"https:\/\/archive.sana.sy\/tr\/wp-content\/uploads\/2017\/01\/fuar-1-300x200.jpg\" class=\"attachment-medium size-medium\" alt=\"\" srcset=\"https:\/\/archive.sana.sy\/tr\/wp-content\/uploads\/2017\/01\/fuar-1-300x200.jpg 300w, https:\/\/archive.sana.sy\/tr\/wp-content\/uploads\/2017\/01\/fuar-1-150x100.jpg 150w, https:\/\/archive.sana.sy\/tr\/wp-content\/uploads\/2017\/01\/fuar-1.jpg 660w\" sizes=\"auto, (max-width: 300px) 100vw, 300px\" \/><\/a>\n\t\t\t<\/div><\/figure><figure class='gallery-item'>\n\t\t\t<div class='gallery-icon landscape'>\n\t\t\t\t<a href='https:\/\/archive.sana.sy\/tr\/wp-content\/uploads\/2017\/01\/fuar-2.jpg'><img loading=\"lazy\" decoding=\"async\" width=\"300\" height=\"200\" src=\"https:\/\/archive.sana.sy\/tr\/wp-content\/uploads\/2017\/01\/fuar-2-300x200.jpg\" class=\"attachment-medium size-medium\" alt=\"\" srcset=\"https:\/\/archive.sana.sy\/tr\/wp-content\/uploads\/2017\/01\/fuar-2-300x200.jpg 300w, https:\/\/archive.sana.sy\/tr\/wp-content\/uploads\/2017\/01\/fuar-2-150x100.jpg 150w, https:\/\/archive.sana.sy\/tr\/wp-content\/uploads\/2017\/01\/fuar-2.jpg 660w\" sizes=\"auto, (max-width: 300px) 100vw, 300px\" \/><\/a>\n\t\t\t<\/div><\/figure><figure class='gallery-item'>\n\t\t\t<div class='gallery-icon landscape'>\n\t\t\t\t<a href='https:\/\/archive.sana.sy\/tr\/wp-content\/uploads\/2017\/01\/fuar-3.jpg'><img loading=\"lazy\" decoding=\"async\" width=\"300\" height=\"200\" src=\"https:\/\/archive.sana.sy\/tr\/wp-content\/uploads\/2017\/01\/fuar-3-300x200.jpg\" class=\"attachment-medium size-medium\" alt=\"\" srcset=\"https:\/\/archive.sana.sy\/tr\/wp-content\/uploads\/2017\/01\/fuar-3-300x200.jpg 300w, https:\/\/archive.sana.sy\/tr\/wp-content\/uploads\/2017\/01\/fuar-3-150x100.jpg 150w, https:\/\/archive.sana.sy\/tr\/wp-content\/uploads\/2017\/01\/fuar-3.jpg 660w\" sizes=\"auto, (max-width: 300px) 100vw, 300px\" \/><\/a>\n\t\t\t<\/div><\/figure><figure class='gallery-item'>\n\t\t\t<div class='gallery-icon landscape'>\n\t\t\t\t<a href='https:\/\/archive.sana.sy\/tr\/wp-content\/uploads\/2017\/01\/fuar-4.jpg'><img loading=\"lazy\" decoding=\"async\" width=\"300\" height=\"168\" src=\"https:\/\/archive.sana.sy\/tr\/wp-content\/uploads\/2017\/01\/fuar-4-300x168.jpg\" class=\"attachment-medium size-medium\" alt=\"\" srcset=\"https:\/\/archive.sana.sy\/tr\/wp-content\/uploads\/2017\/01\/fuar-4-300x168.jpg 300w, https:\/\/archive.sana.sy\/tr\/wp-content\/uploads\/2017\/01\/fuar-4-150x84.jpg 150w, https:\/\/archive.sana.sy\/tr\/wp-content\/uploads\/2017\/01\/fuar-4.jpg 660w\" sizes=\"auto, (max-width: 300px) 100vw, 300px\" \/><\/a>\n\t\t\t<\/div><\/figure><figure class='gallery-item'>\n\t\t\t<div class='gallery-icon landscape'>\n\t\t\t\t<a href='https:\/\/archive.sana.sy\/tr\/wp-content\/uploads\/2017\/01\/fuar-5.jpg'><img loading=\"lazy\" decoding=\"async\" width=\"300\" height=\"168\" src=\"https:\/\/archive.sana.sy\/tr\/wp-content\/uploads\/2017\/01\/fuar-5-300x168.jpg\" class=\"attachment-medium size-medium\" alt=\"\" srcset=\"https:\/\/archive.sana.sy\/tr\/wp-content\/uploads\/2017\/01\/fuar-5-300x168.jpg 300w, https:\/\/archive.sana.sy\/tr\/wp-content\/uploads\/2017\/01\/fuar-5-150x84.jpg 150w, https:\/\/archive.sana.sy\/tr\/wp-content\/uploads\/2017\/01\/fuar-5.jpg 660w\" sizes=\"auto, (max-width: 300px) 100vw, 300px\" \/><\/a>\n\t\t\t<\/div><\/figure>\n\t\t<\/div>\n\n","protected":false},"excerpt":{"rendered":"<p>\u015eAM \u2013 Suriyeli \u0130hracat\u00e7\u0131lar Birli\u011finin Ekonomi ve D\u0131\u015f Ticaret Bakanl\u0131\u011f\u0131 ile i\u015fbirli\u011fi i\u00e7erisinde d\u00fczenledi\u011fi ve \u00fc\u00e7 g\u00fcn s\u00fcresince ziyaret\u00e7ilerini a\u011f\u0131rlayan \u0130hracat ve \u0130hracat Teknolojileri Fuar\u0131 faaliyetlerini noktalad\u0131. Gazetecilere bir a\u00e7\u0131klama yapan \u0130hracat\u00e7\u0131lar Birli\u011fi Ba\u015fkan\u0131 Muhammed el Sevvah, fuar kapsam\u0131nda ba\u015fta Irakl\u0131 i\u015fadamlar\u0131 olmak \u00fczere kat\u0131l\u0131mc\u0131 b\u00fct\u00fcn i\u015f adamlar\u0131yla \u00e7ok say\u0131da ihracat s\u00f6zle\u015fmesi imzaland\u0131\u011f\u0131n\u0131 ifade ederek &hellip;<\/p>\n","protected":false},"author":1,"featured_media":101047,"comment_status":"closed","ping_status":"closed","sticky":false,"template":"","format":"standard","meta":{"footnotes":""},"categories":[596,479,17988,478],"tags":[26606],"class_list":["post-101046","post","type-post","status-publish","format-standard","has-post-thumbnail","","category-fotografli-raporlar","category-haberler-yerel","category-son-haberler","category-yerel","tag-fuar-kapsaminda-bircok-ihracat-sozlesmesi-imzalandi"],"_links":{"self":[{"href":"https:\/\/archive.sana.sy\/tr\/index.php?rest_route=\/wp\/v2\/posts\/101046","targetHints":{"allow":["GET"]}}],"collection":[{"href":"https:\/\/archive.sana.sy\/tr\/index.php?rest_route=\/wp\/v2\/posts"}],"about":[{"href":"https:\/\/archive.sana.sy\/tr\/index.php?rest_route=\/wp\/v2\/types\/post"}],"author":[{"embeddable":true,"href":"https:\/\/archive.sana.sy\/tr\/index.php?rest_route=\/wp\/v2\/users\/1"}],"replies":[{"embeddable":true,"href":"https:\/\/archive.sana.sy\/tr\/index.php?rest_route=%2Fwp%2Fv2%2Fcomments&post=101046"}],"version-history":[{"count":0,"href":"https:\/\/archive.sana.sy\/tr\/index.php?rest_route=\/wp\/v2\/posts\/101046\/revisions"}],"wp:featuredmedia":[{"embeddable":true,"href":"https:\/\/archive.sana.sy\/tr\/index.php?rest_route=\/wp\/v2\/media\/101047"}],"wp:attachment":[{"href":"https:\/\/archive.sana.sy\/tr\/index.php?rest_route=%2Fwp%2Fv2%2Fmedia&parent=101046"}],"wp:term":[{"taxonomy":"category","embeddable":true,"href":"https:\/\/archive.sana.sy\/tr\/index.php?rest_route=%2Fwp%2Fv2%2Fcategories&post=101046"},{"taxonomy":"post_tag","embeddable":true,"href":"https:\/\/archive.sana.sy\/tr\/index.php?rest_route=%2Fwp%2Fv2%2Ftags&post=101046"}],"curies":[{"name":"wp","href":"https:\/\/api.w.org\/{rel}","templated":true}]}}