{"id":101110,"date":"2017-01-10T15:08:09","date_gmt":"2017-01-10T13:08:09","guid":{"rendered":"http:\/\/www.sana.sy\/tr\/?p=101110"},"modified":"2017-01-11T17:18:09","modified_gmt":"2017-01-11T15:18:09","slug":"tibbi-uzmanlik-egitimi-alanlara-yeni-firsat-tanindi","status":"publish","type":"post","link":"https:\/\/archive.sana.sy\/tr\/?p=101110","title":{"rendered":"T\u0131bbi Uzmanl\u0131k E\u011fitimi Alanlara Yeni F\u0131rsat Tan\u0131nd\u0131"},"content":{"rendered":"<p>\u015eAM \u2013 Cumhurba\u015fkan\u0131 Be\u015f\u015far el Esad; t\u0131bbi uzmanl\u0131k e\u011fitiminde sorun ya\u015fayanlar\u0131n 2015\/09 say\u0131l\u0131 yasama karar\u0131 kapsam\u0131nda durumlar\u0131n\u0131 iki y\u0131l s\u00fcre i\u00e7inde d\u00fczeltme f\u0131rsat\u0131 veren 2017\/02 say\u0131l\u0131 yasama karar\u0131n\u0131 onaylad\u0131.<\/p>\n<p>Yasama kanunu t\u0131bbi uzmanl\u0131klarda e\u011fitim g\u00f6renlerin 02-10-2016 tarihinden itibaren iki y\u0131l s\u00fcre i\u00e7inde durumlar\u0131n\u0131 d\u00fczeltmelerini \u00f6ng\u00f6r\u00fcyor.<\/p>\n","protected":false},"excerpt":{"rendered":"<p>\u015eAM \u2013 Cumhurba\u015fkan\u0131 Be\u015f\u015far el Esad; t\u0131bbi uzmanl\u0131k e\u011fitiminde sorun ya\u015fayanlar\u0131n 2015\/09 say\u0131l\u0131 yasama karar\u0131 kapsam\u0131nda durumlar\u0131n\u0131 iki y\u0131l s\u00fcre i\u00e7inde d\u00fczeltme f\u0131rsat\u0131 veren 2017\/02 say\u0131l\u0131 yasama karar\u0131n\u0131 onaylad\u0131. Yasama kanunu t\u0131bbi uzmanl\u0131klarda e\u011fitim g\u00f6renlerin 02-10-2016 tarihinden itibaren iki y\u0131l s\u00fcre i\u00e7inde durumlar\u0131n\u0131 d\u00fczeltmelerini \u00f6ng\u00f6r\u00fcyor.<\/p>\n","protected":false},"author":1,"featured_media":101111,"comment_status":"closed","ping_status":"closed","sticky":false,"template":"","format":"standard","meta":{"footnotes":""},"categories":[479,605,17988,612,599,478],"tags":[26621,16402,26619],"class_list":["post-101110","post","type-post","status-publish","format-standard","has-post-thumbnail","","category-haberler-yerel","category-sayin-cumhurbaskani","category-son-haberler","category-yasama-kararnameler","category-yasama-ve-kanunlar","category-yerel","tag-201702-sayili-yasama-karari","tag-cumhurbaskani-bessar-el-esad","tag-tibbi-uzmanlik-egitimi-alanlara-yeni-firsat-tanindi"],"_links":{"self":[{"href":"https:\/\/archive.sana.sy\/tr\/index.php?rest_route=\/wp\/v2\/posts\/101110","targetHints":{"allow":["GET"]}}],"collection":[{"href":"https:\/\/archive.sana.sy\/tr\/index.php?rest_route=\/wp\/v2\/posts"}],"about":[{"href":"https:\/\/archive.sana.sy\/tr\/index.php?rest_route=\/wp\/v2\/types\/post"}],"author":[{"embeddable":true,"href":"https:\/\/archive.sana.sy\/tr\/index.php?rest_route=\/wp\/v2\/users\/1"}],"replies":[{"embeddable":true,"href":"https:\/\/archive.sana.sy\/tr\/index.php?rest_route=%2Fwp%2Fv2%2Fcomments&post=101110"}],"version-history":[{"count":0,"href":"https:\/\/archive.sana.sy\/tr\/index.php?rest_route=\/wp\/v2\/posts\/101110\/revisions"}],"wp:featuredmedia":[{"embeddable":true,"href":"https:\/\/archive.sana.sy\/tr\/index.php?rest_route=\/wp\/v2\/media\/101111"}],"wp:attachment":[{"href":"https:\/\/archive.sana.sy\/tr\/index.php?rest_route=%2Fwp%2Fv2%2Fmedia&parent=101110"}],"wp:term":[{"taxonomy":"category","embeddable":true,"href":"https:\/\/archive.sana.sy\/tr\/index.php?rest_route=%2Fwp%2Fv2%2Fcategories&post=101110"},{"taxonomy":"post_tag","embeddable":true,"href":"https:\/\/archive.sana.sy\/tr\/index.php?rest_route=%2Fwp%2Fv2%2Ftags&post=101110"}],"curies":[{"name":"wp","href":"https:\/\/api.w.org\/{rel}","templated":true}]}}