{"id":101114,"date":"2017-01-10T15:42:41","date_gmt":"2017-01-10T13:42:41","guid":{"rendered":"http:\/\/www.sana.sy\/tr\/?p=101114"},"modified":"2017-01-11T17:18:05","modified_gmt":"2017-01-11T15:18:05","slug":"yurt-disi-burslara-iliskin-yasama-karari-yeniden-duzenlendi","status":"publish","type":"post","link":"https:\/\/archive.sana.sy\/tr\/?p=101114","title":{"rendered":"Yurt D\u0131\u015f\u0131 Burslara \u0130li\u015fkin Yasama Karar\u0131 Yeniden D\u00fczenlendi"},"content":{"rendered":"<p>\u015eAM \u2013 Cumhurba\u015fkan\u0131 Be\u015f\u015far el Esad bilimsel ve akademik burslara ili\u015fkin 2013\/6 say\u0131l\u0131 yasama karar\u0131n\u0131n 63. maddesini yeniden d\u00fczenleyen 2017\/03 say\u0131l\u0131 yasama karar\u0131n\u0131 onaylad\u0131.<\/p>\n<p>Yeni yasama karar\u0131 gere\u011fince geri \u00f6demeli burs ile yurtd\u0131\u015f\u0131na bilimsel ara\u015ft\u0131rma ya da \u00f6\u011fretim ama\u00e7l\u0131 olarak g\u00f6nderilenlerin burslar\u0131n\u0131 geri \u00f6demeleri s\u0131ras\u0131nda fiili olarak harcanan mebla\u011f\u0131 \u00f6demelerini \u00f6ng\u00f6r\u00fcyor. Ayn\u0131 zamanda mebla\u011f\u0131n, \u00f6dendi\u011fi para cinsi ile ya da bu para cinsinin \u00f6deme tarihindeki Merkez Bankas\u0131 kuru \u00fczerinden \u00f6denmesini \u00f6ng\u00f6r\u00fcyor.<\/p>\n<p>Yasama karar\u0131 01-08-2013 tarihinden beri kaydedilen t\u00fcm durumlar i\u00e7in ge\u00e7erli k\u0131l\u0131nd\u0131.<\/p>\n","protected":false},"excerpt":{"rendered":"<p>\u015eAM \u2013 Cumhurba\u015fkan\u0131 Be\u015f\u015far el Esad bilimsel ve akademik burslara ili\u015fkin 2013\/6 say\u0131l\u0131 yasama karar\u0131n\u0131n 63. maddesini yeniden d\u00fczenleyen 2017\/03 say\u0131l\u0131 yasama karar\u0131n\u0131 onaylad\u0131. Yeni yasama karar\u0131 gere\u011fince geri \u00f6demeli burs ile yurtd\u0131\u015f\u0131na bilimsel ara\u015ft\u0131rma ya da \u00f6\u011fretim ama\u00e7l\u0131 olarak g\u00f6nderilenlerin burslar\u0131n\u0131 geri \u00f6demeleri s\u0131ras\u0131nda fiili olarak harcanan mebla\u011f\u0131 \u00f6demelerini \u00f6ng\u00f6r\u00fcyor. Ayn\u0131 zamanda mebla\u011f\u0131n, \u00f6dendi\u011fi &hellip;<\/p>\n","protected":false},"author":1,"featured_media":100475,"comment_status":"closed","ping_status":"closed","sticky":false,"template":"","format":"standard","meta":{"footnotes":""},"categories":[479,605,17988,612,599,478],"tags":[16402,26622,26623],"class_list":["post-101114","post","type-post","status-publish","format-standard","has-post-thumbnail","","category-haberler-yerel","category-sayin-cumhurbaskani","category-son-haberler","category-yasama-kararnameler","category-yasama-ve-kanunlar","category-yerel","tag-cumhurbaskani-bessar-el-esad","tag-yurt-disi-burslara-iliskin-yasama-karari-yeniden-duzenlendi","tag-yurtdisinda-okuyan-ogrenciler"],"_links":{"self":[{"href":"https:\/\/archive.sana.sy\/tr\/index.php?rest_route=\/wp\/v2\/posts\/101114","targetHints":{"allow":["GET"]}}],"collection":[{"href":"https:\/\/archive.sana.sy\/tr\/index.php?rest_route=\/wp\/v2\/posts"}],"about":[{"href":"https:\/\/archive.sana.sy\/tr\/index.php?rest_route=\/wp\/v2\/types\/post"}],"author":[{"embeddable":true,"href":"https:\/\/archive.sana.sy\/tr\/index.php?rest_route=\/wp\/v2\/users\/1"}],"replies":[{"embeddable":true,"href":"https:\/\/archive.sana.sy\/tr\/index.php?rest_route=%2Fwp%2Fv2%2Fcomments&post=101114"}],"version-history":[{"count":0,"href":"https:\/\/archive.sana.sy\/tr\/index.php?rest_route=\/wp\/v2\/posts\/101114\/revisions"}],"wp:featuredmedia":[{"embeddable":true,"href":"https:\/\/archive.sana.sy\/tr\/index.php?rest_route=\/wp\/v2\/media\/100475"}],"wp:attachment":[{"href":"https:\/\/archive.sana.sy\/tr\/index.php?rest_route=%2Fwp%2Fv2%2Fmedia&parent=101114"}],"wp:term":[{"taxonomy":"category","embeddable":true,"href":"https:\/\/archive.sana.sy\/tr\/index.php?rest_route=%2Fwp%2Fv2%2Fcategories&post=101114"},{"taxonomy":"post_tag","embeddable":true,"href":"https:\/\/archive.sana.sy\/tr\/index.php?rest_route=%2Fwp%2Fv2%2Ftags&post=101114"}],"curies":[{"name":"wp","href":"https:\/\/api.w.org\/{rel}","templated":true}]}}