{"id":101118,"date":"2017-01-10T15:56:21","date_gmt":"2017-01-10T13:56:21","guid":{"rendered":"http:\/\/www.sana.sy\/tr\/?p=101118"},"modified":"2017-01-11T16:36:42","modified_gmt":"2017-01-11T14:36:42","slug":"devlet-yetkilileri-ve-partili-sahsiyetler-taziyelerini-takdim-ettiler","status":"publish","type":"post","link":"https:\/\/archive.sana.sy\/tr\/?p=101118","title":{"rendered":"Devlet Yetkilileri ve Partili \u015eahsiyetler Taziyelerini Takdim Ettiler (video)"},"content":{"rendered":"<p>\u015eAM \u2013 \u0130ran\u2019\u0131n \u015eam B\u00fcy\u00fckel\u00e7ili\u011fi; \u0130ran eski ba\u015fkan\u0131 ve \u0130ran\u2019da Rejim \u00c7\u0131karlar\u0131n\u0131 G\u00f6zetleme Toplulu\u011fu Ba\u015fkan\u0131 Ali Ekber Ha\u015fimi Rafsancani\u2019nin vefat\u0131 nedeniyle bug\u00fcn taziye meclisi a\u00e7t\u0131.<\/p>\n<p>Halk Meclisi Ba\u015fkan\u0131 Hediye Abbas, Ba\u015fbakan \u0130mad Hamis, Savunma Bakan\u0131 Fahd Casim el Freyc, Ulusal Uzla\u015fma \u0130\u015flerinden Sorumlu Devlet Bakan\u0131 Ali Haydar, Baas Partisi Genel Sekreter Yard\u0131mc\u0131s\u0131 Hilal Hilal, parti ulusal y\u00f6netim kurulu \u00fcyeleri Malik Ali ve \u015eaban Azzuz meclisi ziyaret ederek taziyelerini takdim ettiler.<\/p>\n<p>https:\/\/www.youtube.com\/watch?v=6ywoIcg-6uA<\/p>\n","protected":false},"excerpt":{"rendered":"<p>\u015eAM \u2013 \u0130ran\u2019\u0131n \u015eam B\u00fcy\u00fckel\u00e7ili\u011fi; \u0130ran eski ba\u015fkan\u0131 ve \u0130ran\u2019da Rejim \u00c7\u0131karlar\u0131n\u0131 G\u00f6zetleme Toplulu\u011fu Ba\u015fkan\u0131 Ali Ekber Ha\u015fimi Rafsancani\u2019nin vefat\u0131 nedeniyle bug\u00fcn taziye meclisi a\u00e7t\u0131. Halk Meclisi Ba\u015fkan\u0131 Hediye Abbas, Ba\u015fbakan \u0130mad Hamis, Savunma Bakan\u0131 Fahd Casim el Freyc, Ulusal Uzla\u015fma \u0130\u015flerinden Sorumlu Devlet Bakan\u0131 Ali Haydar, Baas Partisi Genel Sekreter Yard\u0131mc\u0131s\u0131 Hilal Hilal, parti &hellip;<\/p>\n","protected":false},"author":1,"featured_media":101179,"comment_status":"closed","ping_status":"closed","sticky":false,"template":"","format":"standard","meta":{"footnotes":""},"categories":[479,17988,478],"tags":[26626,22366,26625,22307,25685,20976,17534],"class_list":["post-101118","post","type-post","status-publish","format-standard","has-post-thumbnail","","category-haberler-yerel","category-son-haberler","category-yerel","tag-baas-partisi-genel-sekreter-yardimcisi-hilal-hilal","tag-basbakan-imad-hamis","tag-devlet-yetkilileri-ve-partili-sahsiyetler-taziyelerini-takdim-ettiler","tag-halk-meclisi-baskani-hediye-abbas","tag-savunma-bakani-fahd-casim-el-freyc","tag-suriye-ve-iran","tag-ulusal-uzlasma-islerinden-sorumlu-devlet-bakani-ali-haydar"],"_links":{"self":[{"href":"https:\/\/archive.sana.sy\/tr\/index.php?rest_route=\/wp\/v2\/posts\/101118","targetHints":{"allow":["GET"]}}],"collection":[{"href":"https:\/\/archive.sana.sy\/tr\/index.php?rest_route=\/wp\/v2\/posts"}],"about":[{"href":"https:\/\/archive.sana.sy\/tr\/index.php?rest_route=\/wp\/v2\/types\/post"}],"author":[{"embeddable":true,"href":"https:\/\/archive.sana.sy\/tr\/index.php?rest_route=\/wp\/v2\/users\/1"}],"replies":[{"embeddable":true,"href":"https:\/\/archive.sana.sy\/tr\/index.php?rest_route=%2Fwp%2Fv2%2Fcomments&post=101118"}],"version-history":[{"count":0,"href":"https:\/\/archive.sana.sy\/tr\/index.php?rest_route=\/wp\/v2\/posts\/101118\/revisions"}],"wp:featuredmedia":[{"embeddable":true,"href":"https:\/\/archive.sana.sy\/tr\/index.php?rest_route=\/wp\/v2\/media\/101179"}],"wp:attachment":[{"href":"https:\/\/archive.sana.sy\/tr\/index.php?rest_route=%2Fwp%2Fv2%2Fmedia&parent=101118"}],"wp:term":[{"taxonomy":"category","embeddable":true,"href":"https:\/\/archive.sana.sy\/tr\/index.php?rest_route=%2Fwp%2Fv2%2Fcategories&post=101118"},{"taxonomy":"post_tag","embeddable":true,"href":"https:\/\/archive.sana.sy\/tr\/index.php?rest_route=%2Fwp%2Fv2%2Ftags&post=101118"}],"curies":[{"name":"wp","href":"https:\/\/api.w.org\/{rel}","templated":true}]}}