{"id":101125,"date":"2017-01-10T18:00:32","date_gmt":"2017-01-10T16:00:32","guid":{"rendered":"http:\/\/www.sana.sy\/tr\/?p=101125"},"modified":"2017-01-11T17:17:31","modified_gmt":"2017-01-11T15:17:31","slug":"silahli-teror-gruplari-sivilleri-hedef-almaya-devam-ediyor","status":"publish","type":"post","link":"https:\/\/archive.sana.sy\/tr\/?p=101125","title":{"rendered":"Silahl\u0131 Ter\u00f6r Gruplar\u0131 Sivilleri Hedef Almaya Devam Ediyor"},"content":{"rendered":"<p>\u0130LLER \u2013 Uluslararas\u0131 ter\u00f6r listesinde ad\u0131 ge\u00e7en I\u015e\u0130D Ter\u00f6r \u00d6rg\u00fct\u00fcn\u00fcn Deyrezzor\u2019da d\u00fczenledi\u011fi roket sald\u0131r\u0131s\u0131 sonucu yaralanan ve \u015fehit d\u00fc\u015fen vatanda\u015flar oldu.<\/p>\n<p>SANA Muhabiri I\u015e\u0130D ter\u00f6r \u00f6rg\u00fct\u00fcn\u00fcn sivil yerle\u015fim b\u00f6lgelerini hedef alarak d\u00fczenledi\u011fi roket sald\u0131r\u0131s\u0131 sonucunda bir\u00e7ok vatanda\u015f\u0131m\u0131z\u0131n yaraland\u0131\u011f\u0131n\u0131 bir\u00e7ok vatanda\u015f\u0131m\u0131z\u0131n da \u015fehit d\u00fc\u015ft\u00fc\u011f\u00fcn\u00fc aktard\u0131.<\/p>\n<p>\u0130dlib K\u0131rsal\u0131nda da \u00c7at\u0131\u015fmalar\u0131n Durdurulmas\u0131 Anla\u015fmas\u0131n\u0131 ihlal eden silahl\u0131 ter\u00f6r gruplar\u0131 Foa Beldesinde sivil yerle\u015fim b\u00f6lgelerini hedef alarak b\u00f6lgede \u00f6zel ve kamu binalar\u0131nda maddi hasara yol a\u00e7t\u0131lar.<\/p>\n<p>Sivil kaynaklar\u0131n SANA\u2019ya verdikleri bilgiye g\u00f6re Ben\u015f Nahiyesinde yayg\u0131nl\u0131k g\u00f6steren silahl\u0131 ter\u00f6r gruplar\u0131n\u0131n Foa Beldesinde sivil yerle\u015fim b\u00f6lgelerini hedef almalar\u0131 sonucu vatanda\u015flar\u0131n evlerinde ve kamu binalar\u0131nda maddi hasar olu\u015ftu.<\/p>\n<p>&nbsp;<\/p>\n<p>&nbsp;<\/p>\n","protected":false},"excerpt":{"rendered":"<p>\u0130LLER \u2013 Uluslararas\u0131 ter\u00f6r listesinde ad\u0131 ge\u00e7en I\u015e\u0130D Ter\u00f6r \u00d6rg\u00fct\u00fcn\u00fcn Deyrezzor\u2019da d\u00fczenledi\u011fi roket sald\u0131r\u0131s\u0131 sonucu yaralanan ve \u015fehit d\u00fc\u015fen vatanda\u015flar oldu. SANA Muhabiri I\u015e\u0130D ter\u00f6r \u00f6rg\u00fct\u00fcn\u00fcn sivil yerle\u015fim b\u00f6lgelerini hedef alarak d\u00fczenledi\u011fi roket sald\u0131r\u0131s\u0131 sonucunda bir\u00e7ok vatanda\u015f\u0131m\u0131z\u0131n yaraland\u0131\u011f\u0131n\u0131 bir\u00e7ok vatanda\u015f\u0131m\u0131z\u0131n da \u015fehit d\u00fc\u015ft\u00fc\u011f\u00fcn\u00fc aktard\u0131. \u0130dlib K\u0131rsal\u0131nda da \u00c7at\u0131\u015fmalar\u0131n Durdurulmas\u0131 Anla\u015fmas\u0131n\u0131 ihlal eden silahl\u0131 ter\u00f6r gruplar\u0131 &hellip;<\/p>\n","protected":false},"author":1,"featured_media":101149,"comment_status":"closed","ping_status":"closed","sticky":false,"template":"","format":"standard","meta":{"footnotes":""},"categories":[479,575,17988,478],"tags":[25836,26628,11549,19174,22182,7657],"class_list":["post-101125","post","type-post","status-publish","format-standard","has-post-thumbnail","","category-haberler-yerel","category-olaylar-ve-gercekler","category-son-haberler","category-yerel","tag-ilimli-muhalefet","tag-isid-teror-orgutunun-deyrezzorda-duzenledigi-roket-saldirisi","tag-suriye-ordusu","tag-suriyede-son-durumlar","tag-suriyede-savas","tag-teror-orgutleri"],"_links":{"self":[{"href":"https:\/\/archive.sana.sy\/tr\/index.php?rest_route=\/wp\/v2\/posts\/101125","targetHints":{"allow":["GET"]}}],"collection":[{"href":"https:\/\/archive.sana.sy\/tr\/index.php?rest_route=\/wp\/v2\/posts"}],"about":[{"href":"https:\/\/archive.sana.sy\/tr\/index.php?rest_route=\/wp\/v2\/types\/post"}],"author":[{"embeddable":true,"href":"https:\/\/archive.sana.sy\/tr\/index.php?rest_route=\/wp\/v2\/users\/1"}],"replies":[{"embeddable":true,"href":"https:\/\/archive.sana.sy\/tr\/index.php?rest_route=%2Fwp%2Fv2%2Fcomments&post=101125"}],"version-history":[{"count":0,"href":"https:\/\/archive.sana.sy\/tr\/index.php?rest_route=\/wp\/v2\/posts\/101125\/revisions"}],"wp:featuredmedia":[{"embeddable":true,"href":"https:\/\/archive.sana.sy\/tr\/index.php?rest_route=\/wp\/v2\/media\/101149"}],"wp:attachment":[{"href":"https:\/\/archive.sana.sy\/tr\/index.php?rest_route=%2Fwp%2Fv2%2Fmedia&parent=101125"}],"wp:term":[{"taxonomy":"category","embeddable":true,"href":"https:\/\/archive.sana.sy\/tr\/index.php?rest_route=%2Fwp%2Fv2%2Fcategories&post=101125"},{"taxonomy":"post_tag","embeddable":true,"href":"https:\/\/archive.sana.sy\/tr\/index.php?rest_route=%2Fwp%2Fv2%2Ftags&post=101125"}],"curies":[{"name":"wp","href":"https:\/\/api.w.org\/{rel}","templated":true}]}}