{"id":101216,"date":"2017-01-12T14:16:53","date_gmt":"2017-01-12T12:16:53","guid":{"rendered":"http:\/\/www.sana.sy\/tr\/?p=101216"},"modified":"2017-01-13T16:12:24","modified_gmt":"2017-01-13T14:12:24","slug":"halepte-yeni-mahkeme-ve-adliye-sarayi-kuruluyor","status":"publish","type":"post","link":"https:\/\/archive.sana.sy\/tr\/?p=101216","title":{"rendered":"Halep\u2019te Yeni Mahkeme ve Adliye Saray\u0131 Kuruluyor"},"content":{"rendered":"<p>\u015eAM \u2013 Cumhurba\u015fkan\u0131 Be\u015f\u015far el Esad bug\u00fcn, Halep\u2019te Sfeyra B\u00f6lgesinde adliye saray\u0131 ve Cebal Seman B\u00f6lgesinde de bir sivil asliye mahkemesinin kurulmas\u0131n\u0131 \u00f6ng\u00f6ren 2017\/6 say\u0131l\u0131 kararnameyi onaylad\u0131.<\/p>\n<p>Yasama karar\u0131 gere\u011fince Halep Adliyesine tabi olarak kurulan adliye saray\u0131 ve asliye mahkemesinin personelleri Halep Adliyesi kadrosundan temin edilecek.<\/p>\n","protected":false},"excerpt":{"rendered":"<p>\u015eAM \u2013 Cumhurba\u015fkan\u0131 Be\u015f\u015far el Esad bug\u00fcn, Halep\u2019te Sfeyra B\u00f6lgesinde adliye saray\u0131 ve Cebal Seman B\u00f6lgesinde de bir sivil asliye mahkemesinin kurulmas\u0131n\u0131 \u00f6ng\u00f6ren 2017\/6 say\u0131l\u0131 kararnameyi onaylad\u0131. Yasama karar\u0131 gere\u011fince Halep Adliyesine tabi olarak kurulan adliye saray\u0131 ve asliye mahkemesinin personelleri Halep Adliyesi kadrosundan temin edilecek.<\/p>\n","protected":false},"author":1,"featured_media":101217,"comment_status":"closed","ping_status":"closed","sticky":false,"template":"","format":"standard","meta":{"footnotes":""},"categories":[479,605,17988,612,599,478],"tags":[],"class_list":["post-101216","post","type-post","status-publish","format-standard","has-post-thumbnail","","category-haberler-yerel","category-sayin-cumhurbaskani","category-son-haberler","category-yasama-kararnameler","category-yasama-ve-kanunlar","category-yerel"],"_links":{"self":[{"href":"https:\/\/archive.sana.sy\/tr\/index.php?rest_route=\/wp\/v2\/posts\/101216","targetHints":{"allow":["GET"]}}],"collection":[{"href":"https:\/\/archive.sana.sy\/tr\/index.php?rest_route=\/wp\/v2\/posts"}],"about":[{"href":"https:\/\/archive.sana.sy\/tr\/index.php?rest_route=\/wp\/v2\/types\/post"}],"author":[{"embeddable":true,"href":"https:\/\/archive.sana.sy\/tr\/index.php?rest_route=\/wp\/v2\/users\/1"}],"replies":[{"embeddable":true,"href":"https:\/\/archive.sana.sy\/tr\/index.php?rest_route=%2Fwp%2Fv2%2Fcomments&post=101216"}],"version-history":[{"count":0,"href":"https:\/\/archive.sana.sy\/tr\/index.php?rest_route=\/wp\/v2\/posts\/101216\/revisions"}],"wp:featuredmedia":[{"embeddable":true,"href":"https:\/\/archive.sana.sy\/tr\/index.php?rest_route=\/wp\/v2\/media\/101217"}],"wp:attachment":[{"href":"https:\/\/archive.sana.sy\/tr\/index.php?rest_route=%2Fwp%2Fv2%2Fmedia&parent=101216"}],"wp:term":[{"taxonomy":"category","embeddable":true,"href":"https:\/\/archive.sana.sy\/tr\/index.php?rest_route=%2Fwp%2Fv2%2Fcategories&post=101216"},{"taxonomy":"post_tag","embeddable":true,"href":"https:\/\/archive.sana.sy\/tr\/index.php?rest_route=%2Fwp%2Fv2%2Ftags&post=101216"}],"curies":[{"name":"wp","href":"https:\/\/api.w.org\/{rel}","templated":true}]}}