{"id":101221,"date":"2017-01-12T14:27:30","date_gmt":"2017-01-12T12:27:30","guid":{"rendered":"http:\/\/www.sana.sy\/tr\/?p=101221"},"modified":"2017-01-13T16:12:04","modified_gmt":"2017-01-13T14:12:04","slug":"sehit-yakinlari-bakan-karariyla-kadrolu-olabilecek","status":"publish","type":"post","link":"https:\/\/archive.sana.sy\/tr\/?p=101221","title":{"rendered":"\u015eehit Yak\u0131nlar\u0131 Bakan Karar\u0131yla Kadrolu Olabilecek"},"content":{"rendered":"<p>\u015eAM \u2013 Cumhurba\u015fkan\u0131 Be\u015f\u015far el Esad bug\u00fcn; y\u0131ll\u0131k s\u00f6zle\u015fmeli olan ya da gen\u00e7leri \u00e7al\u0131\u015ft\u0131rma projesi s\u00f6zle\u015fmesi ile \u00e7al\u0131\u015fan devlet personellerinin \u00e7al\u0131\u015ft\u0131klar\u0131 kurumun tabi oldu\u011fu bakan\u0131n karar\u0131yla kadrolu personel olmalar\u0131na hak tan\u0131yan 2016\/4 say\u0131l\u0131 yasama karar\u0131n\u0131 onaylad\u0131.<\/p>\n<p>\u0130lgili bakan\u0131n bir y\u0131l i\u00e7inde b\u00f6yle bir karar almas\u0131n\u0131n \u00f6ng\u00f6r\u00fcld\u00fc\u011f\u00fc yasama karar\u0131nda; ge\u00e7ici personelin daimi bir i\u015fte \u00e7al\u0131\u015f\u0131yor olmas\u0131n\u0131n yan\u0131 s\u0131ra en az bir y\u0131l i\u015fi ba\u015f\u0131nda \u00e7al\u0131\u015f\u0131yor olmas\u0131n\u0131 gerektiriyor.<\/p>\n","protected":false},"excerpt":{"rendered":"<p>\u015eAM \u2013 Cumhurba\u015fkan\u0131 Be\u015f\u015far el Esad bug\u00fcn; y\u0131ll\u0131k s\u00f6zle\u015fmeli olan ya da gen\u00e7leri \u00e7al\u0131\u015ft\u0131rma projesi s\u00f6zle\u015fmesi ile \u00e7al\u0131\u015fan devlet personellerinin \u00e7al\u0131\u015ft\u0131klar\u0131 kurumun tabi oldu\u011fu bakan\u0131n karar\u0131yla kadrolu personel olmalar\u0131na hak tan\u0131yan 2016\/4 say\u0131l\u0131 yasama karar\u0131n\u0131 onaylad\u0131. \u0130lgili bakan\u0131n bir y\u0131l i\u00e7inde b\u00f6yle bir karar almas\u0131n\u0131n \u00f6ng\u00f6r\u00fcld\u00fc\u011f\u00fc yasama karar\u0131nda; ge\u00e7ici personelin daimi bir i\u015fte \u00e7al\u0131\u015f\u0131yor olmas\u0131n\u0131n &hellip;<\/p>\n","protected":false},"author":1,"featured_media":101222,"comment_status":"closed","ping_status":"closed","sticky":false,"template":"","format":"standard","meta":{"footnotes":""},"categories":[479,605,17988,612,478,584],"tags":[17256,26666,19948,26667,24119],"class_list":["post-101221","post","type-post","status-publish","format-standard","has-post-thumbnail","","category-haberler-yerel","category-sayin-cumhurbaskani","category-son-haberler","category-yasama-kararnameler","category-yerel","category-yurtdisinda-sana-ofisleri","tag-bessar-el-esad","tag-kadrolu-personel","tag-sehit-yakinlari","tag-sozlesmeli-personel","tag-suriye-lideri"],"_links":{"self":[{"href":"https:\/\/archive.sana.sy\/tr\/index.php?rest_route=\/wp\/v2\/posts\/101221","targetHints":{"allow":["GET"]}}],"collection":[{"href":"https:\/\/archive.sana.sy\/tr\/index.php?rest_route=\/wp\/v2\/posts"}],"about":[{"href":"https:\/\/archive.sana.sy\/tr\/index.php?rest_route=\/wp\/v2\/types\/post"}],"author":[{"embeddable":true,"href":"https:\/\/archive.sana.sy\/tr\/index.php?rest_route=\/wp\/v2\/users\/1"}],"replies":[{"embeddable":true,"href":"https:\/\/archive.sana.sy\/tr\/index.php?rest_route=%2Fwp%2Fv2%2Fcomments&post=101221"}],"version-history":[{"count":0,"href":"https:\/\/archive.sana.sy\/tr\/index.php?rest_route=\/wp\/v2\/posts\/101221\/revisions"}],"wp:featuredmedia":[{"embeddable":true,"href":"https:\/\/archive.sana.sy\/tr\/index.php?rest_route=\/wp\/v2\/media\/101222"}],"wp:attachment":[{"href":"https:\/\/archive.sana.sy\/tr\/index.php?rest_route=%2Fwp%2Fv2%2Fmedia&parent=101221"}],"wp:term":[{"taxonomy":"category","embeddable":true,"href":"https:\/\/archive.sana.sy\/tr\/index.php?rest_route=%2Fwp%2Fv2%2Fcategories&post=101221"},{"taxonomy":"post_tag","embeddable":true,"href":"https:\/\/archive.sana.sy\/tr\/index.php?rest_route=%2Fwp%2Fv2%2Ftags&post=101221"}],"curies":[{"name":"wp","href":"https:\/\/api.w.org\/{rel}","templated":true}]}}