{"id":101225,"date":"2017-01-12T09:42:18","date_gmt":"2017-01-12T07:42:18","guid":{"rendered":"http:\/\/www.sana.sy\/tr\/?p=101225"},"modified":"2017-01-12T14:33:47","modified_gmt":"2017-01-12T12:33:47","slug":"askeri-kaynak-ordu-birliklerimizin-suveyda-kirsalinin-kuzeydogusu-kasr-beldesinde-isidin-toplanma-yerleri-siperleri-ve-hareket-eksenlerini-yogun-top-atesine-tuttuklarini-belirtti","status":"publish","type":"post","link":"https:\/\/archive.sana.sy\/tr\/?p=101225","title":{"rendered":"Askeri kaynak ordu birliklerimizin S\u00fcveyda k\u0131rsal\u0131n\u0131n kuzeydo\u011fusu Kasr Beldesinde I\u015e\u0130D\u2019in toplanma yerleri, siperleri ve hareket eksenlerini yo\u011fun top ate\u015fine tuttuklar\u0131n\u0131 belirtti"},"content":{"rendered":"<p>Askeri kaynak ordu birliklerimizin S\u00fcveyda k\u0131rsal\u0131n\u0131n kuzeydo\u011fusu Kasr Beldesinde I\u015e\u0130D\u2019in toplanma yerleri, siperleri ve hareket eksenlerini yo\u011fun top ate\u015fine tuttuklar\u0131n\u0131 belirtti<\/p>\n","protected":false},"excerpt":{"rendered":"<p>Askeri kaynak ordu birliklerimizin S\u00fcveyda k\u0131rsal\u0131n\u0131n kuzeydo\u011fusu Kasr Beldesinde I\u015e\u0130D\u2019in toplanma yerleri, siperleri ve hareket eksenlerini yo\u011fun top ate\u015fine tuttuklar\u0131n\u0131 belirtti<\/p>\n","protected":false},"author":1,"featured_media":0,"comment_status":"closed","ping_status":"closed","sticky":false,"template":"","format":"standard","meta":{"footnotes":""},"categories":[17991],"tags":[],"class_list":["post-101225","post","type-post","status-publish","format-standard","","category-son-dakika"],"_links":{"self":[{"href":"https:\/\/archive.sana.sy\/tr\/index.php?rest_route=\/wp\/v2\/posts\/101225","targetHints":{"allow":["GET"]}}],"collection":[{"href":"https:\/\/archive.sana.sy\/tr\/index.php?rest_route=\/wp\/v2\/posts"}],"about":[{"href":"https:\/\/archive.sana.sy\/tr\/index.php?rest_route=\/wp\/v2\/types\/post"}],"author":[{"embeddable":true,"href":"https:\/\/archive.sana.sy\/tr\/index.php?rest_route=\/wp\/v2\/users\/1"}],"replies":[{"embeddable":true,"href":"https:\/\/archive.sana.sy\/tr\/index.php?rest_route=%2Fwp%2Fv2%2Fcomments&post=101225"}],"version-history":[{"count":0,"href":"https:\/\/archive.sana.sy\/tr\/index.php?rest_route=\/wp\/v2\/posts\/101225\/revisions"}],"wp:attachment":[{"href":"https:\/\/archive.sana.sy\/tr\/index.php?rest_route=%2Fwp%2Fv2%2Fmedia&parent=101225"}],"wp:term":[{"taxonomy":"category","embeddable":true,"href":"https:\/\/archive.sana.sy\/tr\/index.php?rest_route=%2Fwp%2Fv2%2Fcategories&post=101225"},{"taxonomy":"post_tag","embeddable":true,"href":"https:\/\/archive.sana.sy\/tr\/index.php?rest_route=%2Fwp%2Fv2%2Ftags&post=101225"}],"curies":[{"name":"wp","href":"https:\/\/api.w.org\/{rel}","templated":true}]}}