{"id":101232,"date":"2017-01-12T11:41:47","date_gmt":"2017-01-12T09:41:47","guid":{"rendered":"http:\/\/www.sana.sy\/tr\/?p=101232"},"modified":"2017-01-12T14:44:31","modified_gmt":"2017-01-12T12:44:31","slug":"kaynak-ordu-birliklerimizin-deyrezzor-kentinin-kuzeybatisi-tel-bruk-bolgesinde-de-radikal-cetelerin-askeri-noktaya-saldirilarinda-kullanmaya-calistiklari-insansiz-bombali-bir-ucagi-hedefe-ulasmadan-on","status":"publish","type":"post","link":"https:\/\/archive.sana.sy\/tr\/?p=101232","title":{"rendered":"Kaynak ordu birliklerimizin Deyrezzor Kentinin kuzeybat\u0131s\u0131 Tel Bruk B\u00f6lgesinde de radikal \u00e7etelerin askeri noktaya sald\u0131r\u0131lar\u0131nda kullanmaya \u00e7al\u0131\u015ft\u0131klar\u0131 insans\u0131z bombal\u0131 bir u\u00e7a\u011f\u0131 hedefe ula\u015fmadan \u00f6nce imha ettiklerini belirtti"},"content":{"rendered":"<p>Kaynak ordu birliklerimizin Deyrezzor Kentinin kuzeybat\u0131s\u0131 Tel Bruk B\u00f6lgesinde de radikal \u00e7etelerin askeri noktaya sald\u0131r\u0131lar\u0131nda kullanmaya \u00e7al\u0131\u015ft\u0131klar\u0131 insans\u0131z bombal\u0131 bir u\u00e7a\u011f\u0131 hedefe ula\u015fmadan \u00f6nce imha ettiklerini belirtti<\/p>\n","protected":false},"excerpt":{"rendered":"<p>Kaynak ordu birliklerimizin Deyrezzor Kentinin kuzeybat\u0131s\u0131 Tel Bruk B\u00f6lgesinde de radikal \u00e7etelerin askeri noktaya sald\u0131r\u0131lar\u0131nda kullanmaya \u00e7al\u0131\u015ft\u0131klar\u0131 insans\u0131z bombal\u0131 bir u\u00e7a\u011f\u0131 hedefe ula\u015fmadan \u00f6nce imha ettiklerini belirtti<\/p>\n","protected":false},"author":1,"featured_media":0,"comment_status":"closed","ping_status":"closed","sticky":false,"template":"","format":"standard","meta":{"footnotes":""},"categories":[17991],"tags":[],"class_list":["post-101232","post","type-post","status-publish","format-standard","","category-son-dakika"],"_links":{"self":[{"href":"https:\/\/archive.sana.sy\/tr\/index.php?rest_route=\/wp\/v2\/posts\/101232","targetHints":{"allow":["GET"]}}],"collection":[{"href":"https:\/\/archive.sana.sy\/tr\/index.php?rest_route=\/wp\/v2\/posts"}],"about":[{"href":"https:\/\/archive.sana.sy\/tr\/index.php?rest_route=\/wp\/v2\/types\/post"}],"author":[{"embeddable":true,"href":"https:\/\/archive.sana.sy\/tr\/index.php?rest_route=\/wp\/v2\/users\/1"}],"replies":[{"embeddable":true,"href":"https:\/\/archive.sana.sy\/tr\/index.php?rest_route=%2Fwp%2Fv2%2Fcomments&post=101232"}],"version-history":[{"count":0,"href":"https:\/\/archive.sana.sy\/tr\/index.php?rest_route=\/wp\/v2\/posts\/101232\/revisions"}],"wp:attachment":[{"href":"https:\/\/archive.sana.sy\/tr\/index.php?rest_route=%2Fwp%2Fv2%2Fmedia&parent=101232"}],"wp:term":[{"taxonomy":"category","embeddable":true,"href":"https:\/\/archive.sana.sy\/tr\/index.php?rest_route=%2Fwp%2Fv2%2Fcategories&post=101232"},{"taxonomy":"post_tag","embeddable":true,"href":"https:\/\/archive.sana.sy\/tr\/index.php?rest_route=%2Fwp%2Fv2%2Ftags&post=101232"}],"curies":[{"name":"wp","href":"https:\/\/api.w.org\/{rel}","templated":true}]}}