{"id":101236,"date":"2017-01-12T13:11:50","date_gmt":"2017-01-12T11:11:50","guid":{"rendered":"http:\/\/www.sana.sy\/tr\/?p=101236"},"modified":"2017-01-12T14:45:41","modified_gmt":"2017-01-12T12:45:41","slug":"cumhurbaskani-bessar-el-esad-bugun-halepte-sfeyra-bolgesinde-adliye-sarayi-ve-cebal-seman-bolgesinde-de-bir-sivil-asliye-mahkemesinin-kurulmasini-ongoren-20176-sayili-kararnameyi-onayladi","status":"publish","type":"post","link":"https:\/\/archive.sana.sy\/tr\/?p=101236","title":{"rendered":"Cumhurba\u015fkan\u0131 Be\u015f\u015far el Esad bug\u00fcn, Halep\u2019te Sfeyra B\u00f6lgesinde adliye saray\u0131 ve Cebal Seman B\u00f6lgesinde de bir sivil asliye mahkemesinin kurulmas\u0131n\u0131 \u00f6ng\u00f6ren 2017\/6 say\u0131l\u0131 kararnameyi onaylad\u0131"},"content":{"rendered":"<p>Cumhurba\u015fkan\u0131 Be\u015f\u015far el Esad bug\u00fcn, Halep\u2019te Sfeyra B\u00f6lgesinde adliye saray\u0131 ve Cebal Seman B\u00f6lgesinde de bir sivil asliye mahkemesinin kurulmas\u0131n\u0131 \u00f6ng\u00f6ren 2017\/6 say\u0131l\u0131 kararnameyi onaylad\u0131<\/p>\n","protected":false},"excerpt":{"rendered":"<p>Cumhurba\u015fkan\u0131 Be\u015f\u015far el Esad bug\u00fcn, Halep\u2019te Sfeyra B\u00f6lgesinde adliye saray\u0131 ve Cebal Seman B\u00f6lgesinde de bir sivil asliye mahkemesinin kurulmas\u0131n\u0131 \u00f6ng\u00f6ren 2017\/6 say\u0131l\u0131 kararnameyi onaylad\u0131<\/p>\n","protected":false},"author":1,"featured_media":0,"comment_status":"closed","ping_status":"closed","sticky":false,"template":"","format":"standard","meta":{"footnotes":""},"categories":[17991],"tags":[],"class_list":["post-101236","post","type-post","status-publish","format-standard","","category-son-dakika"],"_links":{"self":[{"href":"https:\/\/archive.sana.sy\/tr\/index.php?rest_route=\/wp\/v2\/posts\/101236","targetHints":{"allow":["GET"]}}],"collection":[{"href":"https:\/\/archive.sana.sy\/tr\/index.php?rest_route=\/wp\/v2\/posts"}],"about":[{"href":"https:\/\/archive.sana.sy\/tr\/index.php?rest_route=\/wp\/v2\/types\/post"}],"author":[{"embeddable":true,"href":"https:\/\/archive.sana.sy\/tr\/index.php?rest_route=\/wp\/v2\/users\/1"}],"replies":[{"embeddable":true,"href":"https:\/\/archive.sana.sy\/tr\/index.php?rest_route=%2Fwp%2Fv2%2Fcomments&post=101236"}],"version-history":[{"count":0,"href":"https:\/\/archive.sana.sy\/tr\/index.php?rest_route=\/wp\/v2\/posts\/101236\/revisions"}],"wp:attachment":[{"href":"https:\/\/archive.sana.sy\/tr\/index.php?rest_route=%2Fwp%2Fv2%2Fmedia&parent=101236"}],"wp:term":[{"taxonomy":"category","embeddable":true,"href":"https:\/\/archive.sana.sy\/tr\/index.php?rest_route=%2Fwp%2Fv2%2Fcategories&post=101236"},{"taxonomy":"post_tag","embeddable":true,"href":"https:\/\/archive.sana.sy\/tr\/index.php?rest_route=%2Fwp%2Fv2%2Ftags&post=101236"}],"curies":[{"name":"wp","href":"https:\/\/api.w.org\/{rel}","templated":true}]}}