{"id":101247,"date":"2017-01-12T12:51:45","date_gmt":"2017-01-12T10:51:45","guid":{"rendered":"http:\/\/www.sana.sy\/tr\/?p=101247"},"modified":"2017-01-12T14:51:02","modified_gmt":"2017-01-12T12:51:02","slug":"kaynak-dakik-operasyonlarda-aralarinda-azili-isimlerin-bulundugu-yuksek-sayida-teroristle-birlikte-kullandiklari-3-tank-ve-siki-korunan-onemli-bir-komuta-karargahinin-tamamen-imha-edildiklerini-vurgul","status":"publish","type":"post","link":"https:\/\/archive.sana.sy\/tr\/?p=101247","title":{"rendered":"Kaynak dakik operasyonlarda aralar\u0131nda az\u0131l\u0131 isimlerin bulundu\u011fu y\u00fcksek say\u0131da ter\u00f6ristle birlikte kulland\u0131klar\u0131 3 tank ve s\u0131k\u0131 korunan \u00f6nemli bir komuta karargah\u0131n\u0131n tamamen imha edildiklerini vurgulad\u0131"},"content":{"rendered":"<p>Kaynak dakik operasyonlarda aralar\u0131nda az\u0131l\u0131 isimlerin bulundu\u011fu y\u00fcksek say\u0131da ter\u00f6ristle birlikte kulland\u0131klar\u0131 3 tank ve s\u0131k\u0131 korunan \u00f6nemli bir komuta karargah\u0131n\u0131n tamamen imha edildiklerini vurgulad\u0131<\/p>\n","protected":false},"excerpt":{"rendered":"<p>Kaynak dakik operasyonlarda aralar\u0131nda az\u0131l\u0131 isimlerin bulundu\u011fu y\u00fcksek say\u0131da ter\u00f6ristle birlikte kulland\u0131klar\u0131 3 tank ve s\u0131k\u0131 korunan \u00f6nemli bir komuta karargah\u0131n\u0131n tamamen imha edildiklerini vurgulad\u0131<\/p>\n","protected":false},"author":1,"featured_media":0,"comment_status":"closed","ping_status":"closed","sticky":false,"template":"","format":"standard","meta":{"footnotes":""},"categories":[17991],"tags":[],"class_list":["post-101247","post","type-post","status-publish","format-standard","","category-son-dakika"],"_links":{"self":[{"href":"https:\/\/archive.sana.sy\/tr\/index.php?rest_route=\/wp\/v2\/posts\/101247","targetHints":{"allow":["GET"]}}],"collection":[{"href":"https:\/\/archive.sana.sy\/tr\/index.php?rest_route=\/wp\/v2\/posts"}],"about":[{"href":"https:\/\/archive.sana.sy\/tr\/index.php?rest_route=\/wp\/v2\/types\/post"}],"author":[{"embeddable":true,"href":"https:\/\/archive.sana.sy\/tr\/index.php?rest_route=\/wp\/v2\/users\/1"}],"replies":[{"embeddable":true,"href":"https:\/\/archive.sana.sy\/tr\/index.php?rest_route=%2Fwp%2Fv2%2Fcomments&post=101247"}],"version-history":[{"count":0,"href":"https:\/\/archive.sana.sy\/tr\/index.php?rest_route=\/wp\/v2\/posts\/101247\/revisions"}],"wp:attachment":[{"href":"https:\/\/archive.sana.sy\/tr\/index.php?rest_route=%2Fwp%2Fv2%2Fmedia&parent=101247"}],"wp:term":[{"taxonomy":"category","embeddable":true,"href":"https:\/\/archive.sana.sy\/tr\/index.php?rest_route=%2Fwp%2Fv2%2Fcategories&post=101247"},{"taxonomy":"post_tag","embeddable":true,"href":"https:\/\/archive.sana.sy\/tr\/index.php?rest_route=%2Fwp%2Fv2%2Ftags&post=101247"}],"curies":[{"name":"wp","href":"https:\/\/api.w.org\/{rel}","templated":true}]}}