{"id":101249,"date":"2017-01-12T14:55:34","date_gmt":"2017-01-12T12:55:34","guid":{"rendered":"http:\/\/www.sana.sy\/tr\/?p=101249"},"modified":"2017-01-13T19:11:10","modified_gmt":"2017-01-13T17:11:10","slug":"bombali-ucaklari-ve-tanklariyla-etkisiz-hale-getiriliyorlar","status":"publish","type":"post","link":"https:\/\/archive.sana.sy\/tr\/?p=101249","title":{"rendered":"Bombal\u0131 U\u00e7aklar\u0131 ve Tanklar\u0131yla Etkisiz Hale Getiriliyorlar"},"content":{"rendered":"<p>\u0130LLER \u2013 Hava g\u00fc\u00e7lerimiz ve top\u00e7u birliklerimizin deste\u011fi ile radikal ter\u00f6ristlere y\u00f6enlik operasyonlar\u0131n\u0131 s\u00fcrd\u00fcren ordu birliklerimiz bug\u00fcn onlarca ter\u00f6risti bombal\u0131 insans\u0131z u\u00e7aklar\u0131 ve a\u011f\u0131r silahlarla donat\u0131lm\u0131\u015f ara\u00e7lar\u0131yla birlikte onlarcas\u0131n\u0131 etkisiz hale getirdi.<\/p>\n<p><span style=\"color: #0000ff\">S\u00dcVEYDA:<\/span><\/p>\n<p>Askeri kaynak ordu birliklerimizin S\u00fcveyda k\u0131rsal\u0131n\u0131n kuzeydo\u011fusu Kasr Beldesinde I\u015e\u0130D\u2019in toplanma yerleri, siperleri ve hareket eksenlerini yo\u011fun top ate\u015fine tuttuklar\u0131n\u0131 belirtti.<\/p>\n<p>Kaynak en az 30 ter\u00f6ristin etkisiz hale getirildi\u011fi operasyonlarda bu radikal \u00e7etelere ait bir komuta karargah\u0131, a\u011f\u0131r silahlarla donat\u0131lm\u0131\u015f 6 ara\u00e7, 2 f\u00fcze bataryalar\u0131 ve i\u00e7inde 70\u2019ten fazla f\u00fczenin bulundu\u011fu bir cephane deposunun muhtevalar\u0131yla birlikte tamamen imha edildiklerini kaydetti.<\/p>\n<p><span style=\"color: #0000ff\">DEYREZZOR:<\/span><\/p>\n<p>\u00d6te yandan askeri kaynak Deyrezzor\u2019da askeri havaliman\u0131nda bulunan ordu birliklerimizin havaliman\u0131n do\u011fu civarlar\u0131nda I\u015e\u0130D mevkilerine kar\u015f\u0131 nitelikli bir operasyonda bulunduklar\u0131n\u0131 aktard\u0131. Operasyonda 9 ter\u00f6ristin \u00f6l\u00fc, bir\u00e7ok ter\u00f6ristin yaral\u0131 d\u00fc\u015f\u00fcr\u00fcld\u00fc\u011f\u00fcn\u00fc belirten kaynak, ayn\u0131 zamanda bir anti tank silah\u0131, bir havan rampas\u0131 ve a\u011f\u0131r makineli silahla donat\u0131lm\u0131\u015f bir arac\u0131n imha edildiklerini s\u00f6yledi.<\/p>\n<p>Kaynak ordu birliklerimizin Deyrezzor Kentinin kuzeybat\u0131s\u0131 Tel Bruk B\u00f6lgesinde de radikal \u00e7etelerin askeri noktaya sald\u0131r\u0131lar\u0131nda kullanmaya \u00e7al\u0131\u015ft\u0131klar\u0131 insans\u0131z bombal\u0131 bir u\u00e7a\u011f\u0131 hedefe ula\u015fmadan \u00f6nce imha ettiklerini belirtti.<\/p>\n<p>Ordu birliklerimizin Deyrezzor Kentinin Rasafa Semtinde de I\u015e\u0130D mevkilerini top ate\u015fine tuttuklar\u0131na dikkat \u00e7eken kaynak, burada da \u00e7ok say\u0131da ter\u00f6ristin ekipmanlar\u0131yla birlikte etkisiz hale getirildiklerini kaydetti.<\/p>\n<p><span style=\"color: #0000ff\">HOMS:<\/span><\/p>\n<p>Homs k\u0131rsal\u0131n\u0131n g\u00fcney do\u011fusunda I\u015e\u0130D\u2019e kar\u015f\u0131 devam eden ba\u015far\u0131l\u0131 operasyonlar konusunda ise askeri kaynak, Karyeteyn Kenti yak\u0131nlar\u0131nda bu radikal \u00e7etelerin karargahlar\u0131 ve hareketlenmelerinin yo\u011fun ate\u015fe tutulduklar\u0131n\u0131 belirtti.<\/p>\n<p>Kaynak dakik operasyonlarda aralar\u0131nda az\u0131l\u0131 isimlerin bulundu\u011fu y\u00fcksek say\u0131da ter\u00f6ristle birlikte kulland\u0131klar\u0131 3 tank ve s\u0131k\u0131 korunan \u00f6nemli bir komuta karargah\u0131n\u0131n tamamen imha edildiklerini vurgulad\u0131.<\/p>\n","protected":false},"excerpt":{"rendered":"<p>\u0130LLER \u2013 Hava g\u00fc\u00e7lerimiz ve top\u00e7u birliklerimizin deste\u011fi ile radikal ter\u00f6ristlere y\u00f6enlik operasyonlar\u0131n\u0131 s\u00fcrd\u00fcren ordu birliklerimiz bug\u00fcn onlarca ter\u00f6risti bombal\u0131 insans\u0131z u\u00e7aklar\u0131 ve a\u011f\u0131r silahlarla donat\u0131lm\u0131\u015f ara\u00e7lar\u0131yla birlikte onlarcas\u0131n\u0131 etkisiz hale getirdi. S\u00dcVEYDA: Askeri kaynak ordu birliklerimizin S\u00fcveyda k\u0131rsal\u0131n\u0131n kuzeydo\u011fusu Kasr Beldesinde I\u015e\u0130D\u2019in toplanma yerleri, siperleri ve hareket eksenlerini yo\u011fun top ate\u015fine tuttuklar\u0131n\u0131 belirtti. Kaynak &hellip;<\/p>\n","protected":false},"author":1,"featured_media":101250,"comment_status":"closed","ping_status":"closed","sticky":false,"template":"","format":"standard","meta":{"footnotes":""},"categories":[575,17988],"tags":[3464,18237,18576,18577,2318,18347,18674,11549,19043,22182,19034,4076],"class_list":["post-101249","post","type-post","status-publish","format-standard","has-post-thumbnail","","category-olaylar-ve-gercekler","category-son-haberler","tag-nusra-cephesi","tag-cihatcilar","tag-daes","tag-deas","tag-isid","tag-oso","tag-silahli-muhalifler","tag-suriye-ordusu","tag-suriyede-son-durum","tag-suriyede-savas","tag-suriyeli-muhalifler","tag-terorle-mucadele"],"_links":{"self":[{"href":"https:\/\/archive.sana.sy\/tr\/index.php?rest_route=\/wp\/v2\/posts\/101249","targetHints":{"allow":["GET"]}}],"collection":[{"href":"https:\/\/archive.sana.sy\/tr\/index.php?rest_route=\/wp\/v2\/posts"}],"about":[{"href":"https:\/\/archive.sana.sy\/tr\/index.php?rest_route=\/wp\/v2\/types\/post"}],"author":[{"embeddable":true,"href":"https:\/\/archive.sana.sy\/tr\/index.php?rest_route=\/wp\/v2\/users\/1"}],"replies":[{"embeddable":true,"href":"https:\/\/archive.sana.sy\/tr\/index.php?rest_route=%2Fwp%2Fv2%2Fcomments&post=101249"}],"version-history":[{"count":0,"href":"https:\/\/archive.sana.sy\/tr\/index.php?rest_route=\/wp\/v2\/posts\/101249\/revisions"}],"wp:featuredmedia":[{"embeddable":true,"href":"https:\/\/archive.sana.sy\/tr\/index.php?rest_route=\/wp\/v2\/media\/101250"}],"wp:attachment":[{"href":"https:\/\/archive.sana.sy\/tr\/index.php?rest_route=%2Fwp%2Fv2%2Fmedia&parent=101249"}],"wp:term":[{"taxonomy":"category","embeddable":true,"href":"https:\/\/archive.sana.sy\/tr\/index.php?rest_route=%2Fwp%2Fv2%2Fcategories&post=101249"},{"taxonomy":"post_tag","embeddable":true,"href":"https:\/\/archive.sana.sy\/tr\/index.php?rest_route=%2Fwp%2Fv2%2Ftags&post=101249"}],"curies":[{"name":"wp","href":"https:\/\/api.w.org\/{rel}","templated":true}]}}