{"id":101256,"date":"2017-01-12T10:00:02","date_gmt":"2017-01-12T08:00:02","guid":{"rendered":"http:\/\/www.sana.sy\/tr\/?p=101256"},"modified":"2017-01-13T19:12:39","modified_gmt":"2017-01-13T17:12:39","slug":"suriyede-guclerini-arttirdigi-yonundeki-haberleri-yalanladi","status":"publish","type":"post","link":"https:\/\/archive.sana.sy\/tr\/?p=101256","title":{"rendered":"Suriye&#8217;de G\u00fc\u00e7lerini Artt\u0131rd\u0131\u011f\u0131 Y\u00f6n\u00fcndeki Haberleri Yalanlad\u0131"},"content":{"rendered":"<p>MOSKOVA \u2013 Rusya Savunma Bakanl\u0131\u011f\u0131, Bat\u0131l\u0131 bir k\u0131s\u0131m medya ara\u00e7lar\u0131n\u0131n, \u2018Rusya&#8217;n\u0131n Suriye&#8217;de bulunan g\u00fc\u00e7lerinin say\u0131s\u0131n\u0131 artt\u0131rd\u0131\u011f\u0131\u2019 y\u00f6n\u00fcnde bulunduklar\u0131 iddialar\u0131n asl\u0131 ger\u00e7e\u011fi olmad\u0131\u011f\u0131n\u0131 belirtti.<\/p>\n<p>Rus bakanl\u0131k s\u00f6zc\u00fcs\u00fc T\u00fcmgeneral Igor Konashenkov; bu gibi as\u0131ls\u0131z haberlerin medya propagandas\u0131 kapsam\u0131nda \u00f6ne s\u00fcr\u00fcld\u00fc\u011f\u00fcn\u00fc vurgulad\u0131. Konashenkov; bat\u0131l\u0131 bir k\u0131s\u0131m medya ara\u00e7lar\u0131n\u0131n ger\u00e7eklerin bir k\u0131sm\u0131n\u0131 g\u00f6rmezden geldi\u011fini, bir k\u0131sm\u0131n\u0131 da \u00e7arp\u0131tt\u0131\u011f\u0131n\u0131 s\u00f6yledi.<\/p>\n<p>Rusya&#8217;n\u0131n Rus genel komutanl\u0131\u011f\u0131n\u0131n talimatlar\u0131yla Suriye&#8217;de bulunan g\u00fc\u00e7lerini azaltmakta oldu\u011funa dikkat \u00e7eken Konashenkov; yak\u0131n s\u00fcre i\u00e7inde Suriye&#8217;de bulunan Rus g\u00fc\u00e7lerin bir k\u0131sm\u0131n\u0131n daha Rusya&#8217;ya d\u00f6nece\u011fini a\u00e7\u0131klad\u0131.<\/p>\n<p>Ter\u00f6rle m\u00fccadelede Suriye ordusuna destek ama\u00e7l\u0131 olarak Suriye h\u00fck\u00fcmetinin resmi talebi \u00fczerine gelen Rus g\u00fc\u00e7lerinden bir dizi sava\u015f gemisi ge\u00e7ti\u011fimiz g\u00fcnlerde Suriye sahillerinden ayr\u0131lm\u0131\u015flard\u0131.<\/p>\n","protected":false},"excerpt":{"rendered":"<p>MOSKOVA \u2013 Rusya Savunma Bakanl\u0131\u011f\u0131, Bat\u0131l\u0131 bir k\u0131s\u0131m medya ara\u00e7lar\u0131n\u0131n, \u2018Rusya&#8217;n\u0131n Suriye&#8217;de bulunan g\u00fc\u00e7lerinin say\u0131s\u0131n\u0131 artt\u0131rd\u0131\u011f\u0131\u2019 y\u00f6n\u00fcnde bulunduklar\u0131 iddialar\u0131n asl\u0131 ger\u00e7e\u011fi olmad\u0131\u011f\u0131n\u0131 belirtti. Rus bakanl\u0131k s\u00f6zc\u00fcs\u00fc T\u00fcmgeneral Igor Konashenkov; bu gibi as\u0131ls\u0131z haberlerin medya propagandas\u0131 kapsam\u0131nda \u00f6ne s\u00fcr\u00fcld\u00fc\u011f\u00fcn\u00fc vurgulad\u0131. Konashenkov; bat\u0131l\u0131 bir k\u0131s\u0131m medya ara\u00e7lar\u0131n\u0131n ger\u00e7eklerin bir k\u0131sm\u0131n\u0131 g\u00f6rmezden geldi\u011fini, bir k\u0131sm\u0131n\u0131 da \u00e7arp\u0131tt\u0131\u011f\u0131n\u0131 s\u00f6yledi. &hellip;<\/p>\n","protected":false},"author":1,"featured_media":101257,"comment_status":"closed","ping_status":"closed","sticky":false,"template":"","format":"standard","meta":{"footnotes":""},"categories":[458,459,17988],"tags":[],"class_list":["post-101256","post","type-post","status-publish","format-standard","has-post-thumbnail","","category-dunya1","category-haberler-arap-uluslararasi-politika","category-son-haberler"],"_links":{"self":[{"href":"https:\/\/archive.sana.sy\/tr\/index.php?rest_route=\/wp\/v2\/posts\/101256","targetHints":{"allow":["GET"]}}],"collection":[{"href":"https:\/\/archive.sana.sy\/tr\/index.php?rest_route=\/wp\/v2\/posts"}],"about":[{"href":"https:\/\/archive.sana.sy\/tr\/index.php?rest_route=\/wp\/v2\/types\/post"}],"author":[{"embeddable":true,"href":"https:\/\/archive.sana.sy\/tr\/index.php?rest_route=\/wp\/v2\/users\/1"}],"replies":[{"embeddable":true,"href":"https:\/\/archive.sana.sy\/tr\/index.php?rest_route=%2Fwp%2Fv2%2Fcomments&post=101256"}],"version-history":[{"count":0,"href":"https:\/\/archive.sana.sy\/tr\/index.php?rest_route=\/wp\/v2\/posts\/101256\/revisions"}],"wp:featuredmedia":[{"embeddable":true,"href":"https:\/\/archive.sana.sy\/tr\/index.php?rest_route=\/wp\/v2\/media\/101257"}],"wp:attachment":[{"href":"https:\/\/archive.sana.sy\/tr\/index.php?rest_route=%2Fwp%2Fv2%2Fmedia&parent=101256"}],"wp:term":[{"taxonomy":"category","embeddable":true,"href":"https:\/\/archive.sana.sy\/tr\/index.php?rest_route=%2Fwp%2Fv2%2Fcategories&post=101256"},{"taxonomy":"post_tag","embeddable":true,"href":"https:\/\/archive.sana.sy\/tr\/index.php?rest_route=%2Fwp%2Fv2%2Ftags&post=101256"}],"curies":[{"name":"wp","href":"https:\/\/api.w.org\/{rel}","templated":true}]}}