{"id":101259,"date":"2017-01-12T15:40:18","date_gmt":"2017-01-12T13:40:18","guid":{"rendered":"http:\/\/www.sana.sy\/tr\/?p=101259"},"modified":"2017-01-13T19:11:03","modified_gmt":"2017-01-13T17:11:03","slug":"el-esadin-direktifleriyle-tumu-onarilacak","status":"publish","type":"post","link":"https:\/\/archive.sana.sy\/tr\/?p=101259","title":{"rendered":"El Esad\u2019\u0131n Direktifleriyle T\u00fcm\u00fc Onar\u0131lacak"},"content":{"rendered":"<p>HALEP \u2013 Vak\u0131flar Bakan\u0131 Muhammed Abd\u00fcssettar el Seyit; Halep\u2019te belli ba\u015fl\u0131 rejimler taraf\u0131ndan desteklenen ve din arkas\u0131nda saklanan radikal ter\u00f6ristlerin sabote ettikleri t\u00fcm cami, mescit ve kiliselerin Cumhurba\u015fkan\u0131 Be\u015f\u015far el Esad\u2019\u0131n direktifleri do\u011frultusunda yeniden ve orijinaline uygun \u015fekilde uzmanlar taraf\u0131ndan onar\u0131laca\u011f\u0131n\u0131 belirtti.<\/p>\n<p><a href=\"http:\/\/www.sana.sy\/tr\/wp-content\/uploads\/2017\/01\/2-25.jpg\"><img loading=\"lazy\" decoding=\"async\" class=\"alignright wp-image-101260 size-medium\" src=\"http:\/\/www.sana.sy\/tr\/wp-content\/uploads\/2017\/01\/2-25-300x200.jpg\" width=\"300\" height=\"200\" srcset=\"https:\/\/archive.sana.sy\/tr\/wp-content\/uploads\/2017\/01\/2-25-300x200.jpg 300w, https:\/\/archive.sana.sy\/tr\/wp-content\/uploads\/2017\/01\/2-25-150x100.jpg 150w, https:\/\/archive.sana.sy\/tr\/wp-content\/uploads\/2017\/01\/2-25-768x512.jpg 768w, https:\/\/archive.sana.sy\/tr\/wp-content\/uploads\/2017\/01\/2-25-1024x683.jpg 1024w, https:\/\/archive.sana.sy\/tr\/wp-content\/uploads\/2017\/01\/2-25.jpg 1800w\" sizes=\"auto, (max-width: 300px) 100vw, 300px\" \/><\/a>Halep Kentindeki Belediye Saray\u0131nda \u0130slam ve H\u0131ristiyan din adamlar\u0131n\u0131n yan\u0131 s\u0131ra resmi ve ekonomik faaliyetlerle bir araya gelen Bakan Seyit; ter\u00f6re kar\u015f\u0131 m\u00fccadelede Halep\u2019in m\u00fccadele ve zaferin modelini te\u015fkil etti\u011fini, yeniden onar\u0131m ve yap\u0131lanmada da yine model te\u015fkil edece\u011finin alt\u0131n\u0131 \u00e7izdi.<\/p>\n<p>Halep ve daha ba\u015fka b\u00f6lgelerde vatan topraklar\u0131n\u0131n suland\u0131\u011f\u0131 kutsal kanlar\u0131n heder olmayaca\u011f\u0131n\u0131 vurgulayan Seyit; Suriye&#8217;nin istisnas\u0131z t\u00fcm topraklar\u0131n\u0131n ter\u00f6rden kurtar\u0131lmas\u0131nda Suriye y\u00f6netimi, halk\u0131 ve ordusunun azim ve kararl\u0131l\u0131\u011f\u0131na dikkat \u00e7ekti.<\/p>\n<p>Halep Valisi H\u00fcseyin Diyab ise; ter\u00f6r nedeniyle evlerinden olan masum vatanda\u015flar\u0131n evlerine d\u00f6nmeleri ve t\u00fcm temel ihtiya\u00e7lar\u0131n\u0131n kar\u015f\u0131lanmas\u0131 amac\u0131yla \u00e7abalar\u0131n aral\u0131ks\u0131z yo\u011fun bir \u015fekilde s\u00fcrd\u00fcr\u00fcld\u00fc\u011f\u00fcn\u00fc belirtti.<\/p>\n<p>Baas Partisi Halep \u0130l Ba\u015fkan\u0131 Faz\u0131l Neccar de, Halep halk\u0131n\u0131n, d\u0131\u015f destekli radikal ter\u00f6ristlerin sabote ettikleri her \u015feyi omuz omuza yeniden yap\u0131land\u0131rma azimlerini kaydetti.<\/p>\n<p>Di\u011fer yandan Bakan Seyit, Vali Diyab ve Parti \u0130l Ba\u015fkan\u0131 Neccar halep\u2019in eski semtlerine saha gezisinde bulunarak ter\u00f6ristlerin bu semtlerde miras, k\u00fclt\u00fcr ve tarihe verdikleri hasarlar\u0131 inceledi.<\/p>\n<div id='gallery-1' class='gallery galleryid-101259 gallery-columns-2 gallery-size-thumbnail'><figure class='gallery-item'>\n\t\t\t<div class='gallery-icon landscape'>\n\t\t\t\t<a href='https:\/\/archive.sana.sy\/tr\/wp-content\/uploads\/2017\/01\/3-20.jpg'><img loading=\"lazy\" decoding=\"async\" width=\"150\" height=\"102\" src=\"https:\/\/archive.sana.sy\/tr\/wp-content\/uploads\/2017\/01\/3-20-150x102.jpg\" class=\"attachment-thumbnail size-thumbnail\" alt=\"\" srcset=\"https:\/\/archive.sana.sy\/tr\/wp-content\/uploads\/2017\/01\/3-20-150x102.jpg 150w, https:\/\/archive.sana.sy\/tr\/wp-content\/uploads\/2017\/01\/3-20-300x204.jpg 300w, https:\/\/archive.sana.sy\/tr\/wp-content\/uploads\/2017\/01\/3-20-768x523.jpg 768w, https:\/\/archive.sana.sy\/tr\/wp-content\/uploads\/2017\/01\/3-20-1024x697.jpg 1024w, https:\/\/archive.sana.sy\/tr\/wp-content\/uploads\/2017\/01\/3-20-110x75.jpg 110w, https:\/\/archive.sana.sy\/tr\/wp-content\/uploads\/2017\/01\/3-20.jpg 1628w\" sizes=\"auto, (max-width: 150px) 100vw, 150px\" \/><\/a>\n\t\t\t<\/div><\/figure><figure class='gallery-item'>\n\t\t\t<div class='gallery-icon landscape'>\n\t\t\t\t<a href='https:\/\/archive.sana.sy\/tr\/wp-content\/uploads\/2017\/01\/4-12.jpg'><img loading=\"lazy\" decoding=\"async\" width=\"150\" height=\"98\" src=\"https:\/\/archive.sana.sy\/tr\/wp-content\/uploads\/2017\/01\/4-12-150x98.jpg\" class=\"attachment-thumbnail size-thumbnail\" alt=\"\" srcset=\"https:\/\/archive.sana.sy\/tr\/wp-content\/uploads\/2017\/01\/4-12-150x98.jpg 150w, https:\/\/archive.sana.sy\/tr\/wp-content\/uploads\/2017\/01\/4-12-300x196.jpg 300w, https:\/\/archive.sana.sy\/tr\/wp-content\/uploads\/2017\/01\/4-12-768x501.jpg 768w, https:\/\/archive.sana.sy\/tr\/wp-content\/uploads\/2017\/01\/4-12-1024x668.jpg 1024w, https:\/\/archive.sana.sy\/tr\/wp-content\/uploads\/2017\/01\/4-12-310x205.jpg 310w, https:\/\/archive.sana.sy\/tr\/wp-content\/uploads\/2017\/01\/4-12.jpg 1716w\" sizes=\"auto, (max-width: 150px) 100vw, 150px\" \/><\/a>\n\t\t\t<\/div><\/figure><figure class='gallery-item'>\n\t\t\t<div class='gallery-icon portrait'>\n\t\t\t\t<a href='https:\/\/archive.sana.sy\/tr\/wp-content\/uploads\/2017\/01\/5-13.jpg'><img loading=\"lazy\" decoding=\"async\" width=\"100\" height=\"150\" src=\"https:\/\/archive.sana.sy\/tr\/wp-content\/uploads\/2017\/01\/5-13-100x150.jpg\" class=\"attachment-thumbnail size-thumbnail\" alt=\"\" srcset=\"https:\/\/archive.sana.sy\/tr\/wp-content\/uploads\/2017\/01\/5-13-100x150.jpg 100w, https:\/\/archive.sana.sy\/tr\/wp-content\/uploads\/2017\/01\/5-13-200x300.jpg 200w, https:\/\/archive.sana.sy\/tr\/wp-content\/uploads\/2017\/01\/5-13-768x1152.jpg 768w, https:\/\/archive.sana.sy\/tr\/wp-content\/uploads\/2017\/01\/5-13-683x1024.jpg 683w, https:\/\/archive.sana.sy\/tr\/wp-content\/uploads\/2017\/01\/5-13.jpg 1168w\" sizes=\"auto, (max-width: 100px) 100vw, 100px\" \/><\/a>\n\t\t\t<\/div><\/figure><figure class='gallery-item'>\n\t\t\t<div class='gallery-icon landscape'>\n\t\t\t\t<a href='https:\/\/archive.sana.sy\/tr\/wp-content\/uploads\/2017\/01\/6-9.jpg'><img loading=\"lazy\" decoding=\"async\" width=\"150\" height=\"100\" src=\"https:\/\/archive.sana.sy\/tr\/wp-content\/uploads\/2017\/01\/6-9-150x100.jpg\" class=\"attachment-thumbnail size-thumbnail\" alt=\"\" srcset=\"https:\/\/archive.sana.sy\/tr\/wp-content\/uploads\/2017\/01\/6-9-150x100.jpg 150w, https:\/\/archive.sana.sy\/tr\/wp-content\/uploads\/2017\/01\/6-9-300x200.jpg 300w, https:\/\/archive.sana.sy\/tr\/wp-content\/uploads\/2017\/01\/6-9-768x512.jpg 768w, https:\/\/archive.sana.sy\/tr\/wp-content\/uploads\/2017\/01\/6-9-1024x683.jpg 1024w, https:\/\/archive.sana.sy\/tr\/wp-content\/uploads\/2017\/01\/6-9-310x205.jpg 310w, https:\/\/archive.sana.sy\/tr\/wp-content\/uploads\/2017\/01\/6-9.jpg 1720w\" sizes=\"auto, (max-width: 150px) 100vw, 150px\" \/><\/a>\n\t\t\t<\/div><\/figure><figure class='gallery-item'>\n\t\t\t<div class='gallery-icon landscape'>\n\t\t\t\t<a href='https:\/\/archive.sana.sy\/tr\/wp-content\/uploads\/2017\/01\/7-4.jpg'><img loading=\"lazy\" decoding=\"async\" width=\"150\" height=\"100\" src=\"https:\/\/archive.sana.sy\/tr\/wp-content\/uploads\/2017\/01\/7-4-150x100.jpg\" class=\"attachment-thumbnail size-thumbnail\" alt=\"\" srcset=\"https:\/\/archive.sana.sy\/tr\/wp-content\/uploads\/2017\/01\/7-4-150x100.jpg 150w, https:\/\/archive.sana.sy\/tr\/wp-content\/uploads\/2017\/01\/7-4-300x200.jpg 300w, https:\/\/archive.sana.sy\/tr\/wp-content\/uploads\/2017\/01\/7-4-768x512.jpg 768w, https:\/\/archive.sana.sy\/tr\/wp-content\/uploads\/2017\/01\/7-4-1024x683.jpg 1024w, https:\/\/archive.sana.sy\/tr\/wp-content\/uploads\/2017\/01\/7-4-310x205.jpg 310w, https:\/\/archive.sana.sy\/tr\/wp-content\/uploads\/2017\/01\/7-4.jpg 1800w\" sizes=\"auto, (max-width: 150px) 100vw, 150px\" \/><\/a>\n\t\t\t<\/div><\/figure><figure class='gallery-item'>\n\t\t\t<div class='gallery-icon landscape'>\n\t\t\t\t<a href='https:\/\/archive.sana.sy\/tr\/wp-content\/uploads\/2017\/01\/8-3.jpg'><img loading=\"lazy\" decoding=\"async\" width=\"150\" height=\"100\" src=\"https:\/\/archive.sana.sy\/tr\/wp-content\/uploads\/2017\/01\/8-3-150x100.jpg\" class=\"attachment-thumbnail size-thumbnail\" alt=\"\" srcset=\"https:\/\/archive.sana.sy\/tr\/wp-content\/uploads\/2017\/01\/8-3-150x100.jpg 150w, https:\/\/archive.sana.sy\/tr\/wp-content\/uploads\/2017\/01\/8-3-300x200.jpg 300w, https:\/\/archive.sana.sy\/tr\/wp-content\/uploads\/2017\/01\/8-3-768x512.jpg 768w, https:\/\/archive.sana.sy\/tr\/wp-content\/uploads\/2017\/01\/8-3-1024x683.jpg 1024w, https:\/\/archive.sana.sy\/tr\/wp-content\/uploads\/2017\/01\/8-3-310x205.jpg 310w, https:\/\/archive.sana.sy\/tr\/wp-content\/uploads\/2017\/01\/8-3.jpg 1800w\" sizes=\"auto, (max-width: 150px) 100vw, 150px\" \/><\/a>\n\t\t\t<\/div><\/figure><figure class='gallery-item'>\n\t\t\t<div class='gallery-icon landscape'>\n\t\t\t\t<a href='https:\/\/archive.sana.sy\/tr\/wp-content\/uploads\/2017\/01\/9-2.jpg'><img loading=\"lazy\" decoding=\"async\" width=\"150\" height=\"100\" src=\"https:\/\/archive.sana.sy\/tr\/wp-content\/uploads\/2017\/01\/9-2-150x100.jpg\" class=\"attachment-thumbnail size-thumbnail\" alt=\"\" srcset=\"https:\/\/archive.sana.sy\/tr\/wp-content\/uploads\/2017\/01\/9-2-150x100.jpg 150w, https:\/\/archive.sana.sy\/tr\/wp-content\/uploads\/2017\/01\/9-2-300x200.jpg 300w, https:\/\/archive.sana.sy\/tr\/wp-content\/uploads\/2017\/01\/9-2-768x512.jpg 768w, https:\/\/archive.sana.sy\/tr\/wp-content\/uploads\/2017\/01\/9-2-1024x683.jpg 1024w, https:\/\/archive.sana.sy\/tr\/wp-content\/uploads\/2017\/01\/9-2-310x205.jpg 310w, https:\/\/archive.sana.sy\/tr\/wp-content\/uploads\/2017\/01\/9-2.jpg 1800w\" sizes=\"auto, (max-width: 150px) 100vw, 150px\" \/><\/a>\n\t\t\t<\/div><\/figure><figure class='gallery-item'>\n\t\t\t<div class='gallery-icon landscape'>\n\t\t\t\t<a href='https:\/\/archive.sana.sy\/tr\/wp-content\/uploads\/2017\/01\/10-2.jpg'><img loading=\"lazy\" decoding=\"async\" width=\"150\" height=\"112\" src=\"https:\/\/archive.sana.sy\/tr\/wp-content\/uploads\/2017\/01\/10-2-150x112.jpg\" class=\"attachment-thumbnail size-thumbnail\" alt=\"\" srcset=\"https:\/\/archive.sana.sy\/tr\/wp-content\/uploads\/2017\/01\/10-2-150x112.jpg 150w, https:\/\/archive.sana.sy\/tr\/wp-content\/uploads\/2017\/01\/10-2-300x225.jpg 300w, https:\/\/archive.sana.sy\/tr\/wp-content\/uploads\/2017\/01\/10-2-768x575.jpg 768w, https:\/\/archive.sana.sy\/tr\/wp-content\/uploads\/2017\/01\/10-2-1024x766.jpg 1024w, https:\/\/archive.sana.sy\/tr\/wp-content\/uploads\/2017\/01\/10-2.jpg 1423w\" sizes=\"auto, (max-width: 150px) 100vw, 150px\" \/><\/a>\n\t\t\t<\/div><\/figure>\n\t\t<\/div>\n\n","protected":false},"excerpt":{"rendered":"<p>HALEP \u2013 Vak\u0131flar Bakan\u0131 Muhammed Abd\u00fcssettar el Seyit; Halep\u2019te belli ba\u015fl\u0131 rejimler taraf\u0131ndan desteklenen ve din arkas\u0131nda saklanan radikal ter\u00f6ristlerin sabote ettikleri t\u00fcm cami, mescit ve kiliselerin Cumhurba\u015fkan\u0131 Be\u015f\u015far el Esad\u2019\u0131n direktifleri do\u011frultusunda yeniden ve orijinaline uygun \u015fekilde uzmanlar taraf\u0131ndan onar\u0131laca\u011f\u0131n\u0131 belirtti. Halep Kentindeki Belediye Saray\u0131nda \u0130slam ve H\u0131ristiyan din adamlar\u0131n\u0131n yan\u0131 s\u0131ra resmi ve &hellip;<\/p>\n","protected":false},"author":1,"featured_media":101261,"comment_status":"closed","ping_status":"closed","sticky":false,"template":"","format":"standard","meta":{"footnotes":""},"categories":[596,479,17988,478],"tags":[1132,19032,21585,25671,26671,23097,24858,26672,23096],"class_list":["post-101259","post","type-post","status-publish","format-standard","has-post-thumbnail","","category-fotografli-raporlar","category-haberler-yerel","category-son-haberler","category-yerel","tag-halep","tag-halep-valisi","tag-halepte-son-durum","tag-huseyin-diyab","tag-miras-ve-kultur","tag-muhammed-abdussettar-el-seyit","tag-onarim-calismalari","tag-radikal-teroristlerin-saldirilari","tag-vakiflar-bakani"],"_links":{"self":[{"href":"https:\/\/archive.sana.sy\/tr\/index.php?rest_route=\/wp\/v2\/posts\/101259","targetHints":{"allow":["GET"]}}],"collection":[{"href":"https:\/\/archive.sana.sy\/tr\/index.php?rest_route=\/wp\/v2\/posts"}],"about":[{"href":"https:\/\/archive.sana.sy\/tr\/index.php?rest_route=\/wp\/v2\/types\/post"}],"author":[{"embeddable":true,"href":"https:\/\/archive.sana.sy\/tr\/index.php?rest_route=\/wp\/v2\/users\/1"}],"replies":[{"embeddable":true,"href":"https:\/\/archive.sana.sy\/tr\/index.php?rest_route=%2Fwp%2Fv2%2Fcomments&post=101259"}],"version-history":[{"count":0,"href":"https:\/\/archive.sana.sy\/tr\/index.php?rest_route=\/wp\/v2\/posts\/101259\/revisions"}],"wp:featuredmedia":[{"embeddable":true,"href":"https:\/\/archive.sana.sy\/tr\/index.php?rest_route=\/wp\/v2\/media\/101261"}],"wp:attachment":[{"href":"https:\/\/archive.sana.sy\/tr\/index.php?rest_route=%2Fwp%2Fv2%2Fmedia&parent=101259"}],"wp:term":[{"taxonomy":"category","embeddable":true,"href":"https:\/\/archive.sana.sy\/tr\/index.php?rest_route=%2Fwp%2Fv2%2Fcategories&post=101259"},{"taxonomy":"post_tag","embeddable":true,"href":"https:\/\/archive.sana.sy\/tr\/index.php?rest_route=%2Fwp%2Fv2%2Ftags&post=101259"}],"curies":[{"name":"wp","href":"https:\/\/api.w.org\/{rel}","templated":true}]}}