{"id":101551,"date":"2017-01-16T09:00:23","date_gmt":"2017-01-16T07:00:23","guid":{"rendered":"http:\/\/www.sana.sy\/tr\/?p=101551"},"modified":"2017-01-17T13:07:37","modified_gmt":"2017-01-17T11:07:37","slug":"adalar-misirin-sinirlari-ve-egemenliginde-kaliyor","status":"publish","type":"post","link":"https:\/\/archive.sana.sy\/tr\/?p=101551","title":{"rendered":"Adalar M\u0131s\u0131r\u2019\u0131n S\u0131n\u0131rlar\u0131 ve Egemenli\u011finde Kal\u0131yor"},"content":{"rendered":"<p>KAH\u0130RE \u2013 M\u0131s\u0131r\u2019da Y\u00fcksek \u0130dari Mahkemesi bug\u00fcn, M\u0131s\u0131r h\u00fck\u00fcmetinin daha \u00f6nce Suudi Arabistan ile imzalad\u0131\u011f\u0131 ve K\u0131z\u0131ldeniz\u2019deki Tiran ve Sanafir adalar\u0131n\u0131n Suudi Arabistan\u2019a verilmesini \u00f6ng\u00f6ren anla\u015fmay\u0131 ge\u00e7ersiz k\u0131lan yarg\u0131 karar\u0131n\u0131 onaylay\u0131p kesinle\u015ftirdi.<\/p>\n<p>Devlet Meclisinde birinci dereceden idari mahkeme 21 Haziran tarihinde M\u0131s\u0131r h\u00fck\u00fcmeti temsilcisinin imzalad\u0131\u011f\u0131 ve iki adan\u0131n Suudi Arabistan\u2019a verilmesini \u00f6ng\u00f6ren s\u0131n\u0131r anla\u015fmas\u0131n\u0131n ge\u00e7ersiz say\u0131lmas\u0131n\u0131 \u00f6ng\u00f6ren bir karar alm\u0131\u015ft\u0131.<\/p>\n<p>Mahkeme karar\u0131nda M\u0131s\u0131r h\u00fck\u00fcmetinin anla\u015fman\u0131n ge\u00e7ersiz say\u0131lmas\u0131n\u0131 \u00f6ng\u00f6ren bu karara itiraz hakk\u0131 tan\u0131nmad\u0131.<\/p>\n<p>Bilindi\u011fi \u00fczere Tiran ve Sanafir adalar\u0131, \u015eerem el \u015eeyh Kompleksinin sadece birka\u00e7 kilometre uza\u011f\u0131nda yer al\u0131p 1967 sava\u015f\u0131nda siyonist \u0130srail taraf\u0131ndan i\u015fgal edilmi\u015f, Camb David Anla\u015fmas\u0131nda M\u0131s\u0131r\u2019a iade edilmi\u015flerdi.<\/p>\n","protected":false},"excerpt":{"rendered":"<p>KAH\u0130RE \u2013 M\u0131s\u0131r\u2019da Y\u00fcksek \u0130dari Mahkemesi bug\u00fcn, M\u0131s\u0131r h\u00fck\u00fcmetinin daha \u00f6nce Suudi Arabistan ile imzalad\u0131\u011f\u0131 ve K\u0131z\u0131ldeniz\u2019deki Tiran ve Sanafir adalar\u0131n\u0131n Suudi Arabistan\u2019a verilmesini \u00f6ng\u00f6ren anla\u015fmay\u0131 ge\u00e7ersiz k\u0131lan yarg\u0131 karar\u0131n\u0131 onaylay\u0131p kesinle\u015ftirdi. Devlet Meclisinde birinci dereceden idari mahkeme 21 Haziran tarihinde M\u0131s\u0131r h\u00fck\u00fcmeti temsilcisinin imzalad\u0131\u011f\u0131 ve iki adan\u0131n Suudi Arabistan\u2019a verilmesini \u00f6ng\u00f6ren s\u0131n\u0131r anla\u015fmas\u0131n\u0131n ge\u00e7ersiz &hellip;<\/p>\n","protected":false},"author":1,"featured_media":77187,"comment_status":"closed","ping_status":"closed","sticky":false,"template":"","format":"standard","meta":{"footnotes":""},"categories":[458,459,17988],"tags":[26729,1302,2733,26730],"class_list":["post-101551","post","type-post","status-publish","format-standard","has-post-thumbnail","","category-dunya1","category-haberler-arap-uluslararasi-politika","category-son-haberler","tag-adalar","tag-misir","tag-suudi-arabistan","tag-tiran-ve-sanafir"],"_links":{"self":[{"href":"https:\/\/archive.sana.sy\/tr\/index.php?rest_route=\/wp\/v2\/posts\/101551","targetHints":{"allow":["GET"]}}],"collection":[{"href":"https:\/\/archive.sana.sy\/tr\/index.php?rest_route=\/wp\/v2\/posts"}],"about":[{"href":"https:\/\/archive.sana.sy\/tr\/index.php?rest_route=\/wp\/v2\/types\/post"}],"author":[{"embeddable":true,"href":"https:\/\/archive.sana.sy\/tr\/index.php?rest_route=\/wp\/v2\/users\/1"}],"replies":[{"embeddable":true,"href":"https:\/\/archive.sana.sy\/tr\/index.php?rest_route=%2Fwp%2Fv2%2Fcomments&post=101551"}],"version-history":[{"count":0,"href":"https:\/\/archive.sana.sy\/tr\/index.php?rest_route=\/wp\/v2\/posts\/101551\/revisions"}],"wp:featuredmedia":[{"embeddable":true,"href":"https:\/\/archive.sana.sy\/tr\/index.php?rest_route=\/wp\/v2\/media\/77187"}],"wp:attachment":[{"href":"https:\/\/archive.sana.sy\/tr\/index.php?rest_route=%2Fwp%2Fv2%2Fmedia&parent=101551"}],"wp:term":[{"taxonomy":"category","embeddable":true,"href":"https:\/\/archive.sana.sy\/tr\/index.php?rest_route=%2Fwp%2Fv2%2Fcategories&post=101551"},{"taxonomy":"post_tag","embeddable":true,"href":"https:\/\/archive.sana.sy\/tr\/index.php?rest_route=%2Fwp%2Fv2%2Ftags&post=101551"}],"curies":[{"name":"wp","href":"https:\/\/api.w.org\/{rel}","templated":true}]}}