{"id":101552,"date":"2017-01-16T13:18:07","date_gmt":"2017-01-16T11:18:07","guid":{"rendered":"http:\/\/www.sana.sy\/tr\/?p=101552"},"modified":"2017-01-16T13:18:07","modified_gmt":"2017-01-16T11:18:07","slug":"misirda-arap-islami-toplulugu-suriye-halki-ve-ordusunun-terore-karsi-mucadelesini-ovdu","status":"publish","type":"post","link":"https:\/\/archive.sana.sy\/tr\/?p=101552","title":{"rendered":"M\u0131s\u0131r\u2019da Arap \u0130slami Toplulu\u011fu Suriye halk\u0131 ve ordusunun ter\u00f6re kar\u015f\u0131 m\u00fccadelesini \u00f6vd\u00fc"},"content":{"rendered":"<p>M\u0131s\u0131r\u2019da Arap \u0130slami Toplulu\u011fu Suriye halk\u0131 ve ordusunun ter\u00f6re kar\u015f\u0131 m\u00fccadelesini \u00f6vd\u00fc<\/p>\n<p>&nbsp;<\/p>\n","protected":false},"excerpt":{"rendered":"<p>M\u0131s\u0131r\u2019da Arap \u0130slami Toplulu\u011fu Suriye halk\u0131 ve ordusunun ter\u00f6re kar\u015f\u0131 m\u00fccadelesini \u00f6vd\u00fc &nbsp;<\/p>\n","protected":false},"author":1,"featured_media":101556,"comment_status":"closed","ping_status":"closed","sticky":false,"template":"","format":"standard","meta":{"footnotes":""},"categories":[573],"tags":[],"class_list":["post-101552","post","type-post","status-publish","format-standard","has-post-thumbnail","","category-goruntulu-olaylar"],"_links":{"self":[{"href":"https:\/\/archive.sana.sy\/tr\/index.php?rest_route=\/wp\/v2\/posts\/101552","targetHints":{"allow":["GET"]}}],"collection":[{"href":"https:\/\/archive.sana.sy\/tr\/index.php?rest_route=\/wp\/v2\/posts"}],"about":[{"href":"https:\/\/archive.sana.sy\/tr\/index.php?rest_route=\/wp\/v2\/types\/post"}],"author":[{"embeddable":true,"href":"https:\/\/archive.sana.sy\/tr\/index.php?rest_route=\/wp\/v2\/users\/1"}],"replies":[{"embeddable":true,"href":"https:\/\/archive.sana.sy\/tr\/index.php?rest_route=%2Fwp%2Fv2%2Fcomments&post=101552"}],"version-history":[{"count":0,"href":"https:\/\/archive.sana.sy\/tr\/index.php?rest_route=\/wp\/v2\/posts\/101552\/revisions"}],"wp:featuredmedia":[{"embeddable":true,"href":"https:\/\/archive.sana.sy\/tr\/index.php?rest_route=\/wp\/v2\/media\/101556"}],"wp:attachment":[{"href":"https:\/\/archive.sana.sy\/tr\/index.php?rest_route=%2Fwp%2Fv2%2Fmedia&parent=101552"}],"wp:term":[{"taxonomy":"category","embeddable":true,"href":"https:\/\/archive.sana.sy\/tr\/index.php?rest_route=%2Fwp%2Fv2%2Fcategories&post=101552"},{"taxonomy":"post_tag","embeddable":true,"href":"https:\/\/archive.sana.sy\/tr\/index.php?rest_route=%2Fwp%2Fv2%2Ftags&post=101552"}],"curies":[{"name":"wp","href":"https:\/\/api.w.org\/{rel}","templated":true}]}}