{"id":101583,"date":"2017-01-16T11:00:24","date_gmt":"2017-01-16T09:00:24","guid":{"rendered":"http:\/\/www.sana.sy\/tr\/?p=101583"},"modified":"2017-01-17T14:23:33","modified_gmt":"2017-01-17T12:23:33","slug":"gundem-astana-gorusmelerine-hazirlik-2","status":"publish","type":"post","link":"https:\/\/archive.sana.sy\/tr\/?p=101583","title":{"rendered":"G\u00fcndem Astana G\u00f6r\u00fc\u015fmelerine Haz\u0131rl\u0131k"},"content":{"rendered":"<p>MOSKOVA \u2013 Rusya D\u0131\u015fi\u015fleri Bakan\u0131 Sergey Lavrov ile Kazakistan D\u0131\u015fi\u015fleri Bakan\u0131 Kayrat Abdrakhmanov aras\u0131nda ger\u00e7ekle\u015fen telefon ba\u011flant\u0131s\u0131nda Suriye&#8217;deki krize siyasi \u00e7\u00f6z\u00fcm ama\u00e7l\u0131 olarak 23 Ocakta ba\u015fkent Astana\u2019da yap\u0131lmas\u0131 beklenen Suriyeliler aras\u0131nda g\u00f6r\u00fc\u015fmelere yap\u0131lan haz\u0131rl\u0131klar masaya yat\u0131r\u0131ld\u0131.<\/p>\n<p>Rusya D\u0131\u015fi\u015fleri Bakanl\u0131\u011f\u0131 resmi web sitesinde yay\u0131nlad\u0131\u011f\u0131 b\u00fcltende iki d\u0131\u015fi\u015fleri bakan\u0131n\u0131n Astana g\u00f6r\u00fc\u015fmelerinin \u00e7al\u0131\u015fma ajandas\u0131, ileti\u015fim cetveli ve uluslar aras\u0131 koordinasyonunu ele ald\u0131klar\u0131n\u0131 kaydetti.<\/p>\n","protected":false},"excerpt":{"rendered":"<p>MOSKOVA \u2013 Rusya D\u0131\u015fi\u015fleri Bakan\u0131 Sergey Lavrov ile Kazakistan D\u0131\u015fi\u015fleri Bakan\u0131 Kayrat Abdrakhmanov aras\u0131nda ger\u00e7ekle\u015fen telefon ba\u011flant\u0131s\u0131nda Suriye&#8217;deki krize siyasi \u00e7\u00f6z\u00fcm ama\u00e7l\u0131 olarak 23 Ocakta ba\u015fkent Astana\u2019da yap\u0131lmas\u0131 beklenen Suriyeliler aras\u0131nda g\u00f6r\u00fc\u015fmelere yap\u0131lan haz\u0131rl\u0131klar masaya yat\u0131r\u0131ld\u0131. Rusya D\u0131\u015fi\u015fleri Bakanl\u0131\u011f\u0131 resmi web sitesinde yay\u0131nlad\u0131\u011f\u0131 b\u00fcltende iki d\u0131\u015fi\u015fleri bakan\u0131n\u0131n Astana g\u00f6r\u00fc\u015fmelerinin \u00e7al\u0131\u015fma ajandas\u0131, ileti\u015fim cetveli ve uluslar &hellip;<\/p>\n","protected":false},"author":1,"featured_media":95751,"comment_status":"closed","ping_status":"closed","sticky":false,"template":"","format":"standard","meta":{"footnotes":""},"categories":[458,459,17988],"tags":[26709,26732,18574,11549,19174,22182],"class_list":["post-101583","post","type-post","status-publish","format-standard","has-post-thumbnail","","category-dunya1","category-haberler-arap-uluslararasi-politika","category-son-haberler","tag-gundem-astana-gorusmelerine-hazirlik","tag-rusya-disisleri-bakani-sergey-lavrov-ile-kazakistan-disisleri-bakani-kayrat-abdrakhmanov","tag-suriye-krizi","tag-suriye-ordusu","tag-suriyede-son-durumlar","tag-suriyede-savas"],"_links":{"self":[{"href":"https:\/\/archive.sana.sy\/tr\/index.php?rest_route=\/wp\/v2\/posts\/101583","targetHints":{"allow":["GET"]}}],"collection":[{"href":"https:\/\/archive.sana.sy\/tr\/index.php?rest_route=\/wp\/v2\/posts"}],"about":[{"href":"https:\/\/archive.sana.sy\/tr\/index.php?rest_route=\/wp\/v2\/types\/post"}],"author":[{"embeddable":true,"href":"https:\/\/archive.sana.sy\/tr\/index.php?rest_route=\/wp\/v2\/users\/1"}],"replies":[{"embeddable":true,"href":"https:\/\/archive.sana.sy\/tr\/index.php?rest_route=%2Fwp%2Fv2%2Fcomments&post=101583"}],"version-history":[{"count":0,"href":"https:\/\/archive.sana.sy\/tr\/index.php?rest_route=\/wp\/v2\/posts\/101583\/revisions"}],"wp:featuredmedia":[{"embeddable":true,"href":"https:\/\/archive.sana.sy\/tr\/index.php?rest_route=\/wp\/v2\/media\/95751"}],"wp:attachment":[{"href":"https:\/\/archive.sana.sy\/tr\/index.php?rest_route=%2Fwp%2Fv2%2Fmedia&parent=101583"}],"wp:term":[{"taxonomy":"category","embeddable":true,"href":"https:\/\/archive.sana.sy\/tr\/index.php?rest_route=%2Fwp%2Fv2%2Fcategories&post=101583"},{"taxonomy":"post_tag","embeddable":true,"href":"https:\/\/archive.sana.sy\/tr\/index.php?rest_route=%2Fwp%2Fv2%2Ftags&post=101583"}],"curies":[{"name":"wp","href":"https:\/\/api.w.org\/{rel}","templated":true}]}}