{"id":101596,"date":"2017-01-16T10:31:18","date_gmt":"2017-01-16T08:31:18","guid":{"rendered":"http:\/\/www.sana.sy\/tr\/?p=101596"},"modified":"2017-01-17T13:06:31","modified_gmt":"2017-01-17T11:06:31","slug":"hazirlik-konusunda-gorus-alisverisi-yapildi","status":"publish","type":"post","link":"https:\/\/archive.sana.sy\/tr\/?p=101596","title":{"rendered":"Haz\u0131rl\u0131k Konusunda G\u00f6r\u00fc\u015f Al\u0131\u015fveri\u015fi Yap\u0131ld\u0131"},"content":{"rendered":"<p>MOSKOVA \u2013 Rusya Ba\u015fkan\u0131n\u0131n Ortado\u011fu ve Kuzey Afrika \u00d6zel Temsilcisi D\u0131\u015fi\u015fleri Bakan Yard\u0131mc\u0131s\u0131 Mikhail Bogdanov bug\u00fcn BM genel sekreterinin Suriye \u00f6zel temsilcisinin yard\u0131mc\u0131s\u0131 Remzi \u0130zzettin Remzi ve M\u0131s\u0131r\u2019\u0131n Moskova B\u00fcy\u00fckel\u00e7isi Muhammed Abd\u00fcssettar el Bedri ile ayr\u0131 ayr\u0131 bulundu\u011fu telefon ba\u011flant\u0131s\u0131nda Astana g\u00f6r\u00fc\u015fmelerine haz\u0131rl\u0131klar\u0131 g\u00f6r\u00fc\u015ft\u00fc.<\/p>\n<p>Rusya D\u0131\u015fi\u015fleri Bakanl\u0131\u011f\u0131 yay\u0131nlad\u0131\u011f\u0131 b\u00fcltende telefon g\u00f6r\u00fc\u015fmelerinde; Astana g\u00f6r\u00fc\u015fmelerine yap\u0131lan haz\u0131rl\u0131klar ve bu g\u00f6r\u00fc\u015fmelerin BM G\u00fcvenlik Konseyi kararlar\u0131 gere\u011fince herhangi bir d\u0131\u015f m\u00fcdahale olmaks\u0131z\u0131n Suriyeliler aras\u0131nda olmas\u0131 gere\u011fine dikkat \u00e7ekildi\u011fi kaydedildi. B\u00fcltende taraflar\u0131n Astana g\u00f6r\u00fc\u015fmelerinin Suriye&#8217;de kapsaml\u0131 olarak \u00e7at\u0131\u015fmalar\u0131n durdurulmas\u0131 ve nihai siyasi \u00e7\u00f6z\u00fcme katk\u0131 sa\u011flamas\u0131 gere\u011fine vurgu yapt\u0131klar\u0131 ifade edildi.<\/p>\n","protected":false},"excerpt":{"rendered":"<p>MOSKOVA \u2013 Rusya Ba\u015fkan\u0131n\u0131n Ortado\u011fu ve Kuzey Afrika \u00d6zel Temsilcisi D\u0131\u015fi\u015fleri Bakan Yard\u0131mc\u0131s\u0131 Mikhail Bogdanov bug\u00fcn BM genel sekreterinin Suriye \u00f6zel temsilcisinin yard\u0131mc\u0131s\u0131 Remzi \u0130zzettin Remzi ve M\u0131s\u0131r\u2019\u0131n Moskova B\u00fcy\u00fckel\u00e7isi Muhammed Abd\u00fcssettar el Bedri ile ayr\u0131 ayr\u0131 bulundu\u011fu telefon ba\u011flant\u0131s\u0131nda Astana g\u00f6r\u00fc\u015fmelerine haz\u0131rl\u0131klar\u0131 g\u00f6r\u00fc\u015ft\u00fc. Rusya D\u0131\u015fi\u015fleri Bakanl\u0131\u011f\u0131 yay\u0131nlad\u0131\u011f\u0131 b\u00fcltende telefon g\u00f6r\u00fc\u015fmelerinde; Astana g\u00f6r\u00fc\u015fmelerine yap\u0131lan haz\u0131rl\u0131klar &hellip;<\/p>\n","protected":false},"author":1,"featured_media":101597,"comment_status":"closed","ping_status":"closed","sticky":false,"template":"","format":"standard","meta":{"footnotes":""},"categories":[458,459,17988],"tags":[26400,18427,26740,17036,26739,26737,18472,26738],"class_list":["post-101596","post","type-post","status-publish","format-standard","has-post-thumbnail","","category-dunya1","category-haberler-arap-uluslararasi-politika","category-son-haberler","tag-astana-gorusmeleri","tag-mikhail-bogdanov","tag-misir-buyukelcisi","tag-moskova","tag-remzi-izzzettin-remzi","tag-rusya-disisleri-bakan-yardimcisi","tag-staffan-de-mistura","tag-suriyeliler-arasinda-baris-gorusmeler"],"_links":{"self":[{"href":"https:\/\/archive.sana.sy\/tr\/index.php?rest_route=\/wp\/v2\/posts\/101596","targetHints":{"allow":["GET"]}}],"collection":[{"href":"https:\/\/archive.sana.sy\/tr\/index.php?rest_route=\/wp\/v2\/posts"}],"about":[{"href":"https:\/\/archive.sana.sy\/tr\/index.php?rest_route=\/wp\/v2\/types\/post"}],"author":[{"embeddable":true,"href":"https:\/\/archive.sana.sy\/tr\/index.php?rest_route=\/wp\/v2\/users\/1"}],"replies":[{"embeddable":true,"href":"https:\/\/archive.sana.sy\/tr\/index.php?rest_route=%2Fwp%2Fv2%2Fcomments&post=101596"}],"version-history":[{"count":0,"href":"https:\/\/archive.sana.sy\/tr\/index.php?rest_route=\/wp\/v2\/posts\/101596\/revisions"}],"wp:featuredmedia":[{"embeddable":true,"href":"https:\/\/archive.sana.sy\/tr\/index.php?rest_route=\/wp\/v2\/media\/101597"}],"wp:attachment":[{"href":"https:\/\/archive.sana.sy\/tr\/index.php?rest_route=%2Fwp%2Fv2%2Fmedia&parent=101596"}],"wp:term":[{"taxonomy":"category","embeddable":true,"href":"https:\/\/archive.sana.sy\/tr\/index.php?rest_route=%2Fwp%2Fv2%2Fcategories&post=101596"},{"taxonomy":"post_tag","embeddable":true,"href":"https:\/\/archive.sana.sy\/tr\/index.php?rest_route=%2Fwp%2Fv2%2Ftags&post=101596"}],"curies":[{"name":"wp","href":"https:\/\/api.w.org\/{rel}","templated":true}]}}