{"id":101661,"date":"2017-01-17T15:23:01","date_gmt":"2017-01-17T13:23:01","guid":{"rendered":"http:\/\/www.sana.sy\/tr\/?p=101661"},"modified":"2017-01-18T15:41:35","modified_gmt":"2017-01-18T13:41:35","slug":"sivillere-saldiri-ve-ihlalleri-devam-ediyor","status":"publish","type":"post","link":"https:\/\/archive.sana.sy\/tr\/?p=101661","title":{"rendered":"Sivillere Sald\u0131r\u0131 ve \u0130hlalleri Devam Ediyor"},"content":{"rendered":"<p>HOMS \u2013 Eli kanl\u0131 ter\u00f6r \u00f6rg\u00fctleri sivillere geli\u015fig\u00fczel f\u00fcze sald\u0131r\u0131lar\u0131 ve \u00e7at\u0131\u015fmalar\u0131n durdurulmas\u0131 anla\u015fmas\u0131na ihlallerini muhtelif b\u00f6lgelerde s\u00fcrd\u00fcr\u00fcyorlar.<\/p>\n<p>SANA\u2019n\u0131n Homs muhabiri il k\u0131rsal\u0131n\u0131n kuzeyi Telbise kentinde konu\u015flanan az\u0131l\u0131 ter\u00f6ristlerin Cabburin ve Muhtariye beldelerinde sivil evlere f\u00fcze ve havan roketleriyle sald\u0131rd\u0131klar\u0131n\u0131 belirtti. Muhabir gaddar ve k\u00f6r sald\u0131r\u0131larda bir kad\u0131n\u0131n \u015fehit, bir vatanda\u015f\u0131n da yaral\u0131 d\u00fc\u015ft\u00fcklerini aktar\u0131rken, vatanda\u015flar\u0131n evlerinde ciddi maddi hasarlar\u0131n meydana geldi\u011fine dikkat \u00e7ekti.<\/p>\n<p>Ter\u00f6ristlerin d\u00fcn Homs Kentinin Ermen ve Sebil semtlerini hedef alan f\u00fcze sald\u0131r\u0131lar\u0131nda 7 vatanda\u015f yaralanm\u0131\u015f, \u00f6zel ve kamu m\u00fclklerde ciddi hasarlar meydana gelmi\u015fti.<\/p>\n<p>Muhabir Homs k\u0131rsal\u0131n\u0131n do\u011fusunda da I\u015e\u0130D\u2019li \u00e7etelerin Mekser el Hisan Beldesinde sivil evleri f\u00fczelerle hedef ald\u0131klar\u0131n\u0131 belirtirken, burada \u015fans eseri be\u015feri isabetlerin olmad\u0131\u011f\u0131n\u0131 kaydetti.<\/p>\n","protected":false},"excerpt":{"rendered":"<p>HOMS \u2013 Eli kanl\u0131 ter\u00f6r \u00f6rg\u00fctleri sivillere geli\u015fig\u00fczel f\u00fcze sald\u0131r\u0131lar\u0131 ve \u00e7at\u0131\u015fmalar\u0131n durdurulmas\u0131 anla\u015fmas\u0131na ihlallerini muhtelif b\u00f6lgelerde s\u00fcrd\u00fcr\u00fcyorlar. SANA\u2019n\u0131n Homs muhabiri il k\u0131rsal\u0131n\u0131n kuzeyi Telbise kentinde konu\u015flanan az\u0131l\u0131 ter\u00f6ristlerin Cabburin ve Muhtariye beldelerinde sivil evlere f\u00fcze ve havan roketleriyle sald\u0131rd\u0131klar\u0131n\u0131 belirtti. Muhabir gaddar ve k\u00f6r sald\u0131r\u0131larda bir kad\u0131n\u0131n \u015fehit, bir vatanda\u015f\u0131n da yaral\u0131 d\u00fc\u015ft\u00fcklerini aktar\u0131rken, &hellip;<\/p>\n","protected":false},"author":1,"featured_media":101662,"comment_status":"closed","ping_status":"closed","sticky":false,"template":"","format":"standard","meta":{"footnotes":""},"categories":[479,575,17988,478],"tags":[3464,18576,18577,10741,17273,2318,18347,23663,23884,18674,19043,19034],"class_list":["post-101661","post","type-post","status-publish","format-standard","has-post-thumbnail","","category-haberler-yerel","category-olaylar-ve-gercekler","category-son-haberler","category-yerel","tag-nusra-cephesi","tag-daes","tag-deas","tag-fuze","tag-havan-saldirisi","tag-isid","tag-oso","tag-roket-saldirisi","tag-sialhli-muhalifler","tag-silahli-muhalifler","tag-suriyede-son-durum","tag-suriyeli-muhalifler"],"_links":{"self":[{"href":"https:\/\/archive.sana.sy\/tr\/index.php?rest_route=\/wp\/v2\/posts\/101661","targetHints":{"allow":["GET"]}}],"collection":[{"href":"https:\/\/archive.sana.sy\/tr\/index.php?rest_route=\/wp\/v2\/posts"}],"about":[{"href":"https:\/\/archive.sana.sy\/tr\/index.php?rest_route=\/wp\/v2\/types\/post"}],"author":[{"embeddable":true,"href":"https:\/\/archive.sana.sy\/tr\/index.php?rest_route=\/wp\/v2\/users\/1"}],"replies":[{"embeddable":true,"href":"https:\/\/archive.sana.sy\/tr\/index.php?rest_route=%2Fwp%2Fv2%2Fcomments&post=101661"}],"version-history":[{"count":0,"href":"https:\/\/archive.sana.sy\/tr\/index.php?rest_route=\/wp\/v2\/posts\/101661\/revisions"}],"wp:featuredmedia":[{"embeddable":true,"href":"https:\/\/archive.sana.sy\/tr\/index.php?rest_route=\/wp\/v2\/media\/101662"}],"wp:attachment":[{"href":"https:\/\/archive.sana.sy\/tr\/index.php?rest_route=%2Fwp%2Fv2%2Fmedia&parent=101661"}],"wp:term":[{"taxonomy":"category","embeddable":true,"href":"https:\/\/archive.sana.sy\/tr\/index.php?rest_route=%2Fwp%2Fv2%2Fcategories&post=101661"},{"taxonomy":"post_tag","embeddable":true,"href":"https:\/\/archive.sana.sy\/tr\/index.php?rest_route=%2Fwp%2Fv2%2Ftags&post=101661"}],"curies":[{"name":"wp","href":"https:\/\/api.w.org\/{rel}","templated":true}]}}