{"id":101674,"date":"2017-01-17T16:44:32","date_gmt":"2017-01-17T14:44:32","guid":{"rendered":"http:\/\/www.sana.sy\/tr\/?p=101674"},"modified":"2017-01-18T15:47:55","modified_gmt":"2017-01-18T13:47:55","slug":"sehit-cocuklari-ve-annelerinin-katilimiyla-sosyal-faaliyetler-duzenlendi","status":"publish","type":"post","link":"https:\/\/archive.sana.sy\/tr\/?p=101674","title":{"rendered":"\u015eehit \u00c7ocuklar\u0131 ve Annelerinin Kat\u0131l\u0131m\u0131yla Sosyal Faaliyetler D\u00fczenlendi"},"content":{"rendered":"<p>\u0130LLER \u2013 Kad\u0131nlar Birli\u011fi bug\u00fcn Hama ve Lazkiye\u2019de \u015fehit \u00e7ocuklar\u0131 ve \u015fehit annelerinin kat\u0131l\u0131m\u0131yla sosyal etkinlikler d\u00fczenledi.<\/p>\n<p>Hama\u2019da K\u0131z\u0131lay \u00d6rg\u00fct\u00fc \u015fubesinin Psikolojik Destek Departman\u0131n\u0131n i\u015fbirli\u011fi ile d\u00fczenlenen sosyal etkinlikte Zuhur Kre\u015finde sanatsal ve e\u011flence faaliyetler sergilendi. Etkinli\u011fe \u015fehit \u00e7ocuklar\u0131ndan 200\u2019e yak\u0131n \u00e7ocuk ve \u00e7ok say\u0131da \u015fehit annesi kat\u0131ld\u0131.<\/p>\n<p><a href=\"http:\/\/www.sana.sy\/tr\/wp-content\/uploads\/2017\/01\/2-39.jpg\"><img loading=\"lazy\" decoding=\"async\" class=\"alignright wp-image-101675 size-medium\" src=\"http:\/\/www.sana.sy\/tr\/wp-content\/uploads\/2017\/01\/2-39-300x169.jpg\" width=\"300\" height=\"169\" srcset=\"https:\/\/archive.sana.sy\/tr\/wp-content\/uploads\/2017\/01\/2-39-300x169.jpg 300w, https:\/\/archive.sana.sy\/tr\/wp-content\/uploads\/2017\/01\/2-39-150x84.jpg 150w, https:\/\/archive.sana.sy\/tr\/wp-content\/uploads\/2017\/01\/2-39-768x432.jpg 768w, https:\/\/archive.sana.sy\/tr\/wp-content\/uploads\/2017\/01\/2-39.jpg 960w\" sizes=\"auto, (max-width: 300px) 100vw, 300px\" \/><\/a>\u2018\u00c7ocuklar\u0131m\u0131z\u0131n Y\u00fczlerinde Tebess\u00fcm Resmedelim\u2019 slogan\u0131 alt\u0131nda d\u00fczenlenen faaliyetlerde Suriye bayra\u011f\u0131 ve ulusal semboller resmedilirken, bir dizi k\u00fclt\u00fcrel ve e\u011flencesel yar\u0131\u015fmalar yap\u0131ld\u0131.<\/p>\n<p>Faaliyet kat\u0131l\u0131mc\u0131lar\u0131 bu gibi etkinliklerin \u00f6zellikle \u015fehit \u00e7ocuklar\u0131na e\u011fitim ve psikolojik destek a\u00e7\u0131s\u0131ndan ta\u015f\u0131d\u0131\u011f\u0131 \u00f6neme dikkat \u00e7ekti.<\/p>\n<p>Lazkiye Kentinde ise \u00e7ok say\u0131da \u015fehit annesinin kat\u0131ld\u0131\u011f\u0131 sosyal etkinlikte kentteki Onuncu Proje Park\u0131nda fidanlar dikildi.<\/p>\n<p>Faaliyet kat\u0131l\u0131mc\u0131lar\u0131 bu etkinlikten sadece fidan dikme ve bitki \u00f6rt\u00fcs\u00fcn\u00fc peki\u015ftirmenin ama\u00e7lanmad\u0131\u011f\u0131n\u0131, ayn\u0131 zamanda g\u00f6n\u00fcll\u00fc \u00e7al\u0131\u015fma ve vatan sevgisini toplum aras\u0131nda peki\u015ftirmeyi ama\u00e7lad\u0131klar\u0131n\u0131 ifade etti.<\/p>\n<p>Kat\u0131l\u0131mc\u0131lar etkinliklerinde \u00e7am f\u0131st\u0131\u011f\u0131, defne bitkisel tedavide kullan\u0131lan bir dizi fidan t\u00fcr\u00fc dikildi\u011fini kaydettiler.<\/p>\n","protected":false},"excerpt":{"rendered":"<p>\u0130LLER \u2013 Kad\u0131nlar Birli\u011fi bug\u00fcn Hama ve Lazkiye\u2019de \u015fehit \u00e7ocuklar\u0131 ve \u015fehit annelerinin kat\u0131l\u0131m\u0131yla sosyal etkinlikler d\u00fczenledi. Hama\u2019da K\u0131z\u0131lay \u00d6rg\u00fct\u00fc \u015fubesinin Psikolojik Destek Departman\u0131n\u0131n i\u015fbirli\u011fi ile d\u00fczenlenen sosyal etkinlikte Zuhur Kre\u015finde sanatsal ve e\u011flence faaliyetler sergilendi. Etkinli\u011fe \u015fehit \u00e7ocuklar\u0131ndan 200\u2019e yak\u0131n \u00e7ocuk ve \u00e7ok say\u0131da \u015fehit annesi kat\u0131ld\u0131. \u2018\u00c7ocuklar\u0131m\u0131z\u0131n Y\u00fczlerinde Tebess\u00fcm Resmedelim\u2019 slogan\u0131 alt\u0131nda d\u00fczenlenen &hellip;<\/p>\n","protected":false},"author":1,"featured_media":101676,"comment_status":"closed","ping_status":"closed","sticky":false,"template":"","format":"standard","meta":{"footnotes":""},"categories":[526,479,17988,525,478],"tags":[6486,26765,19959,20959,19396],"class_list":["post-101674","post","type-post","status-publish","format-standard","has-post-thumbnail","","category-haber-ve-raporlar","category-haberler-yerel","category-son-haberler","category-toplum","category-yerel","tag-kadinlar-birligi","tag-psikolojik-destek","tag-sehit-anneleri","tag-sehit-cocuklari","tag-sosyal-faaliyetler"],"_links":{"self":[{"href":"https:\/\/archive.sana.sy\/tr\/index.php?rest_route=\/wp\/v2\/posts\/101674","targetHints":{"allow":["GET"]}}],"collection":[{"href":"https:\/\/archive.sana.sy\/tr\/index.php?rest_route=\/wp\/v2\/posts"}],"about":[{"href":"https:\/\/archive.sana.sy\/tr\/index.php?rest_route=\/wp\/v2\/types\/post"}],"author":[{"embeddable":true,"href":"https:\/\/archive.sana.sy\/tr\/index.php?rest_route=\/wp\/v2\/users\/1"}],"replies":[{"embeddable":true,"href":"https:\/\/archive.sana.sy\/tr\/index.php?rest_route=%2Fwp%2Fv2%2Fcomments&post=101674"}],"version-history":[{"count":0,"href":"https:\/\/archive.sana.sy\/tr\/index.php?rest_route=\/wp\/v2\/posts\/101674\/revisions"}],"wp:featuredmedia":[{"embeddable":true,"href":"https:\/\/archive.sana.sy\/tr\/index.php?rest_route=\/wp\/v2\/media\/101676"}],"wp:attachment":[{"href":"https:\/\/archive.sana.sy\/tr\/index.php?rest_route=%2Fwp%2Fv2%2Fmedia&parent=101674"}],"wp:term":[{"taxonomy":"category","embeddable":true,"href":"https:\/\/archive.sana.sy\/tr\/index.php?rest_route=%2Fwp%2Fv2%2Fcategories&post=101674"},{"taxonomy":"post_tag","embeddable":true,"href":"https:\/\/archive.sana.sy\/tr\/index.php?rest_route=%2Fwp%2Fv2%2Ftags&post=101674"}],"curies":[{"name":"wp","href":"https:\/\/api.w.org\/{rel}","templated":true}]}}