{"id":101688,"date":"2017-01-17T17:30:42","date_gmt":"2017-01-17T15:30:42","guid":{"rendered":"http:\/\/www.sana.sy\/tr\/?p=101688"},"modified":"2017-01-18T15:39:20","modified_gmt":"2017-01-18T13:39:20","slug":"mahluf-yerel-yonetim-ve-sosyal-hizmetlerde-yolsuzluk-ve-kayirmalara-musaade-yok","status":"publish","type":"post","link":"https:\/\/archive.sana.sy\/tr\/?p=101688","title":{"rendered":"Mahluf: Yerel Y\u00f6netim ve Sosyal Hizmetlerde Yolsuzluk ve Kay\u0131rmalara M\u00fcsaade Yok"},"content":{"rendered":"<p>HOMS \u2013 Yerel Y\u00f6netim ve \u00c7evre Bakan\u0131 H\u00fcseyin Mahluf; yerel y\u00f6netim \u00e7al\u0131\u015fmalar\u0131n\u0131n b\u00fct\u00fcn\u00fcnde yolsuzluk ve kay\u0131rmadan uzak durulmas\u0131n\u0131n \u00f6nemine dikkat \u00e7ekerek h\u00fck\u00fcmetin y\u00f6nlendirmeleri kapsam\u0131nda yerel y\u00f6netim ve sosyal hizmet \u00e7al\u0131\u015fmalar\u0131nda denetimin s\u0131kla\u015ft\u0131r\u0131laca\u011f\u0131n\u0131 ve bu hizmetlerin en iyi \u015fekilde sunulmas\u0131 i\u00e7in gerekli b\u00fct\u00fcn icraatlar\u0131n al\u0131naca\u011f\u0131n\u0131 dile getirdi.<\/p>\n<p>Homs Valisi Talal Berazi ve \u0130l Y\u00f6netim Kurulu \u00dcyeleriyle bir araya gelen Mahluf; bakanl\u0131\u011f\u0131n b\u00fct\u00fcn idari birimleri ve performans\u0131 g\u00f6zden ge\u00e7irmeye ba\u015flad\u0131\u011f\u0131n\u0131 ve hi\u00e7bir kusura g\u00f6z yummayaca\u011f\u0131n\u0131 ifade ederek yerel y\u00f6netimler kanunun bu kapsamda b\u00fct\u00fcn personel ve kurumlara gerekli yetki ve sorumluluk verdi\u011fini belirtti.<\/p>\n<p>Toplant\u0131 kat\u0131l\u0131mc\u0131lar\u0131n\u0131n \u00e7al\u0131\u015fmalar\u0131, projeleri ve gelece\u011fe d\u00f6n\u00fck d\u00fc\u015f\u00fcncelerinin yan\u0131 s\u0131ra \u00e7al\u0131\u015fmalar\u0131 s\u0131ras\u0131nda kar\u015f\u0131la\u015ft\u0131klar\u0131 zorluklara ili\u015fkin anlat\u0131mlar\u0131n\u0131 dinleyen Mahluf; \u00e7al\u0131\u015fmalar\u0131n en h\u0131zl\u0131 ve verimli \u015fekilde ilerlemesi i\u00e7in gerekli b\u00fct\u00fcn icraatlar\u0131n al\u0131naca\u011f\u0131n\u0131 ifade etti.<\/p>\n<p>Toplant\u0131n\u0131n ard\u0131ndan Bakan Mahluf, Vali Berazi ile birlikte Homs Tarihi \u00c7ar\u015f\u0131s\u0131 ve al\u0131\u015fveri\u015f merkezlerine d\u00fczenledi\u011fi inceleme gezintisi s\u0131ras\u0131nda gazetecilere yapt\u0131\u011f\u0131 a\u00e7\u0131klamada, inceleme gezintisinin valili\u011fin bakanl\u0131k ile koordinasyon i\u00e7erisinde y\u00fcr\u00fctt\u00fc\u011f\u00fc \u00e7al\u0131\u015fmalar\u0131 yerinde incelemeli ama\u00e7lad\u0131\u011f\u0131n\u0131 dile getirdi.<\/p>\n<p>\u00c7ar\u015f\u0131 ve pazarlarda yeniden in\u015fa \u00e7al\u0131\u015fmalar\u0131na \u00f6ncelik ve \u00f6nem verildi\u011fine i\u015faret eden Mahluf; tarihi ve arkeolojik yap\u0131 olarak nitelendirilen b\u00f6lgelerdeki \u00e7al\u0131\u015fmalar\u0131n b\u00fcy\u00fck bir titizlikle y\u00fcr\u00fct\u00fcld\u00fc\u011f\u00fcn\u00fc ve tarihi kimliklerinin deforme edilmemesi i\u00e7in b\u00fcy\u00fck bir \u00e7aba harcand\u0131\u011f\u0131n\u0131 belirtti.<\/p>\n","protected":false},"excerpt":{"rendered":"<p>HOMS \u2013 Yerel Y\u00f6netim ve \u00c7evre Bakan\u0131 H\u00fcseyin Mahluf; yerel y\u00f6netim \u00e7al\u0131\u015fmalar\u0131n\u0131n b\u00fct\u00fcn\u00fcnde yolsuzluk ve kay\u0131rmadan uzak durulmas\u0131n\u0131n \u00f6nemine dikkat \u00e7ekerek h\u00fck\u00fcmetin y\u00f6nlendirmeleri kapsam\u0131nda yerel y\u00f6netim ve sosyal hizmet \u00e7al\u0131\u015fmalar\u0131nda denetimin s\u0131kla\u015ft\u0131r\u0131laca\u011f\u0131n\u0131 ve bu hizmetlerin en iyi \u015fekilde sunulmas\u0131 i\u00e7in gerekli b\u00fct\u00fcn icraatlar\u0131n al\u0131naca\u011f\u0131n\u0131 dile getirdi. Homs Valisi Talal Berazi ve \u0130l Y\u00f6netim Kurulu \u00dcyeleriyle &hellip;<\/p>\n","protected":false},"author":1,"featured_media":101689,"comment_status":"closed","ping_status":"closed","sticky":false,"template":"","format":"standard","meta":{"footnotes":""},"categories":[479,17988,478],"tags":[26777,26775,19174,26778,26776],"class_list":["post-101688","post","type-post","status-publish","format-standard","has-post-thumbnail","","category-haberler-yerel","category-son-haberler","category-yerel","tag-homs-tarihi-carsisi","tag-mahluf-yerel-yonetim-ve-sosyal-hizmetlerde-yolsuzluk-ve-kayirmalara-musaade-yok","tag-suriyede-son-durumlar","tag-vali-berazi","tag-yerel-yonetim-ve-cevre-bakani-huseyin-mahluf"],"_links":{"self":[{"href":"https:\/\/archive.sana.sy\/tr\/index.php?rest_route=\/wp\/v2\/posts\/101688","targetHints":{"allow":["GET"]}}],"collection":[{"href":"https:\/\/archive.sana.sy\/tr\/index.php?rest_route=\/wp\/v2\/posts"}],"about":[{"href":"https:\/\/archive.sana.sy\/tr\/index.php?rest_route=\/wp\/v2\/types\/post"}],"author":[{"embeddable":true,"href":"https:\/\/archive.sana.sy\/tr\/index.php?rest_route=\/wp\/v2\/users\/1"}],"replies":[{"embeddable":true,"href":"https:\/\/archive.sana.sy\/tr\/index.php?rest_route=%2Fwp%2Fv2%2Fcomments&post=101688"}],"version-history":[{"count":0,"href":"https:\/\/archive.sana.sy\/tr\/index.php?rest_route=\/wp\/v2\/posts\/101688\/revisions"}],"wp:featuredmedia":[{"embeddable":true,"href":"https:\/\/archive.sana.sy\/tr\/index.php?rest_route=\/wp\/v2\/media\/101689"}],"wp:attachment":[{"href":"https:\/\/archive.sana.sy\/tr\/index.php?rest_route=%2Fwp%2Fv2%2Fmedia&parent=101688"}],"wp:term":[{"taxonomy":"category","embeddable":true,"href":"https:\/\/archive.sana.sy\/tr\/index.php?rest_route=%2Fwp%2Fv2%2Fcategories&post=101688"},{"taxonomy":"post_tag","embeddable":true,"href":"https:\/\/archive.sana.sy\/tr\/index.php?rest_route=%2Fwp%2Fv2%2Ftags&post=101688"}],"curies":[{"name":"wp","href":"https:\/\/api.w.org\/{rel}","templated":true}]}}