{"id":101691,"date":"2017-01-17T17:00:13","date_gmt":"2017-01-17T15:00:13","guid":{"rendered":"http:\/\/www.sana.sy\/tr\/?p=101691"},"modified":"2017-01-18T15:39:16","modified_gmt":"2017-01-18T13:39:16","slug":"halidi-yol-haritasi-filistin-halkinin-ulusal-haklarina-yonelik-cirkin-bir-saldiridir","status":"publish","type":"post","link":"https:\/\/archive.sana.sy\/tr\/?p=101691","title":{"rendered":"Halidi: Yol Haritas\u0131 Filistin Halk\u0131n\u0131n Ulusal Haklar\u0131na Y\u00f6nelik \u00c7irkin Bir Sald\u0131r\u0131d\u0131r"},"content":{"rendered":"<p>\u015eAM \u2013 Filistin\u2019in \u015eam B\u00fcy\u00fckel\u00e7isi Mahmut el Halidi; kendilerine \u201cMuhalif Suriye Vatan\u0131 Kurtarma Cephesi\u201d ismi veren bir grubun \u201cSuriye ve \u0130srail Aras\u0131nda Bar\u0131\u015f \u0130\u00e7in Yol Haritas\u0131\u201d yay\u0131nlamas\u0131n\u0131 \u015fiddetle k\u0131nayarak bu t\u00fcr tutumlar\u0131n b\u00fct\u00fcn d\u00fcnya taraf\u0131ndan kabul edilen Filistin halk\u0131 ve ulusal haklar\u0131na kar\u015f\u0131 d\u00fc\u015fmanl\u0131\u011f\u0131 yans\u0131tt\u0131\u011f\u0131n\u0131 ifade etti.<\/p>\n<p>Suriye\u2019de bulunan Filistinli Yerle\u015fim B\u00f6lgelerinin ilga edilmesi maddesine yer vererek Filistin halk\u0131n\u0131n ulusal kimli\u011fini yok sayan Yol Haritas\u0131n\u0131n kimi medya ara\u00e7lar\u0131 taraf\u0131ndan servis edilmesinden sonra yaz\u0131l\u0131 bir a\u00e7\u0131klama yay\u0131nlayan Halidi; Filistin halk\u0131n\u0131n ulusal haklar\u0131 ve tarihi kutsal davas\u0131n\u0131n bu \u015fekilde yok say\u0131lmas\u0131n\u0131 \u00e7irkin bir sald\u0131r\u0131 olarak nitelendirdi.<\/p>\n<p>Hat\u0131rlanaca\u011f\u0131 \u00fczere ge\u00e7ti\u011fimiz g\u00fcnlerde \u0130srail Radyosu, \u0130srail\u2019i resmi olarak tan\u0131yan ve bu kapsamda Golan sorununa s\u00f6zde \u00e7\u00f6z\u00fcm getirerek Suriye ve \u0130srail aras\u0131nda s\u00f6zde bar\u0131\u015f sa\u011flamay\u0131 i\u00e7eren bir Yol Haritas\u0131 yay\u0131nlam\u0131\u015ft\u0131.<\/p>\n","protected":false},"excerpt":{"rendered":"<p>\u015eAM \u2013 Filistin\u2019in \u015eam B\u00fcy\u00fckel\u00e7isi Mahmut el Halidi; kendilerine \u201cMuhalif Suriye Vatan\u0131 Kurtarma Cephesi\u201d ismi veren bir grubun \u201cSuriye ve \u0130srail Aras\u0131nda Bar\u0131\u015f \u0130\u00e7in Yol Haritas\u0131\u201d yay\u0131nlamas\u0131n\u0131 \u015fiddetle k\u0131nayarak bu t\u00fcr tutumlar\u0131n b\u00fct\u00fcn d\u00fcnya taraf\u0131ndan kabul edilen Filistin halk\u0131 ve ulusal haklar\u0131na kar\u015f\u0131 d\u00fc\u015fmanl\u0131\u011f\u0131 yans\u0131tt\u0131\u011f\u0131n\u0131 ifade etti. Suriye\u2019de bulunan Filistinli Yerle\u015fim B\u00f6lgelerinin ilga edilmesi maddesine &hellip;<\/p>\n","protected":false},"author":1,"featured_media":101692,"comment_status":"closed","ping_status":"closed","sticky":false,"template":"","format":"standard","meta":{"footnotes":""},"categories":[479,17988,478],"tags":[26779,26782,18890,5614,26783,26780,26781],"class_list":["post-101691","post","type-post","status-publish","format-standard","has-post-thumbnail","","category-haberler-yerel","category-son-haberler","category-yerel","tag-filistinin-sam-buyukelcisi-mahmut-el-halidi","tag-halidi-yol-haritasi-filistin-halkinin-ulusal-haklarina-yonelik-cirkin-bir-saldiridir","tag-isgalci-israil","tag-israil","tag-muhalif-suriye-vatani-kurtarma-cephesi","tag-suriyede-bulunan-filistinli-yerlesim-bolgeleri","tag-yol-haritasi"],"_links":{"self":[{"href":"https:\/\/archive.sana.sy\/tr\/index.php?rest_route=\/wp\/v2\/posts\/101691","targetHints":{"allow":["GET"]}}],"collection":[{"href":"https:\/\/archive.sana.sy\/tr\/index.php?rest_route=\/wp\/v2\/posts"}],"about":[{"href":"https:\/\/archive.sana.sy\/tr\/index.php?rest_route=\/wp\/v2\/types\/post"}],"author":[{"embeddable":true,"href":"https:\/\/archive.sana.sy\/tr\/index.php?rest_route=\/wp\/v2\/users\/1"}],"replies":[{"embeddable":true,"href":"https:\/\/archive.sana.sy\/tr\/index.php?rest_route=%2Fwp%2Fv2%2Fcomments&post=101691"}],"version-history":[{"count":0,"href":"https:\/\/archive.sana.sy\/tr\/index.php?rest_route=\/wp\/v2\/posts\/101691\/revisions"}],"wp:featuredmedia":[{"embeddable":true,"href":"https:\/\/archive.sana.sy\/tr\/index.php?rest_route=\/wp\/v2\/media\/101692"}],"wp:attachment":[{"href":"https:\/\/archive.sana.sy\/tr\/index.php?rest_route=%2Fwp%2Fv2%2Fmedia&parent=101691"}],"wp:term":[{"taxonomy":"category","embeddable":true,"href":"https:\/\/archive.sana.sy\/tr\/index.php?rest_route=%2Fwp%2Fv2%2Fcategories&post=101691"},{"taxonomy":"post_tag","embeddable":true,"href":"https:\/\/archive.sana.sy\/tr\/index.php?rest_route=%2Fwp%2Fv2%2Ftags&post=101691"}],"curies":[{"name":"wp","href":"https:\/\/api.w.org\/{rel}","templated":true}]}}