{"id":101723,"date":"2017-01-18T19:20:06","date_gmt":"2017-01-18T17:20:06","guid":{"rendered":"http:\/\/www.sana.sy\/tr\/?p=101723"},"modified":"2017-01-19T15:03:48","modified_gmt":"2017-01-19T13:03:48","slug":"radikal-cetelerin-saldirilari-cokertilirken-agir-kayiplara-ugratildilar","status":"publish","type":"post","link":"https:\/\/archive.sana.sy\/tr\/?p=101723","title":{"rendered":"Radikal \u00c7etelerin Sald\u0131r\u0131lar\u0131 \u00c7\u00f6kertilirken A\u011f\u0131r Kay\u0131plara U\u011frat\u0131ld\u0131lar"},"content":{"rendered":"<p>\u0130LLER \u2013 Ordu birliklerimiz hava g\u00fc\u00e7lerimiz ve top\u00e7u birliklerimizin askeri mevkilere ve sivil b\u00f6lgelere ter\u00f6r sald\u0131r\u0131lar\u0131n\u0131 \u00e7\u00f6kertirlerken, bu sald\u0131rgan \u00e7eteleri say\u0131 ve ara\u00e7lar\u0131yla ciddi kay\u0131plara u\u011fratmaya devam ediyor.<\/p>\n<p><span style=\"color: #0000ff\">DEYREZZOR:<\/span><\/p>\n<p>Askeri kaynak SANA\u2019ya a\u00e7\u0131klamalar\u0131nda ordu birliklerimizin hava g\u00fc\u00e7lerimiz ve top\u00e7u birliklerimizin deste\u011fi ile Deyrezzor ve k\u0131rsal\u0131nda I\u015e\u0130D mevkileri, karargahlar\u0131 ve siperlerini yo\u011fun ate\u015fe tuttuklar\u0131n\u0131 ifade etti.<\/p>\n<p>Kaynak Deyrezzor askeri havaliman\u0131, Panorama, Serda Da\u011f\u0131, B\u011fayliye ve Hseyniye b\u00f6lgeleri civarlar\u0131na ek olarak Mekabir B\u00f6lgesi, kentin Huveyka, R\u00fc\u015fdiye, Sanayi ve Cbeyle semtlerinde radikal \u00e7etelerin karargahlar\u0131, toplanma yerleri, siperleri ve ara\u00e7lar\u0131n\u0131n yo\u011fun ate\u015fe tutuldu\u011funu ifade etti. Kaynak ya\u015fanan \u015fiddetli \u00e7at\u0131\u015fmalarda a\u011f\u0131r makineli silah ve toplarla donat\u0131lm\u0131\u015f bir\u00e7ok araca ilaveten 1 BMB z\u0131rhl\u0131 ara\u00e7 ve 2 tank\u0131n imha edildi\u011fini belirtti.<\/p>\n<p>Deyrezzor Havaliman\u0131ndaki ordu birliklerimizin intihar eylemcisi radikal bir ter\u00f6ristin b\u00fcy\u00fck miktarda patlay\u0131c\u0131 ile haz\u0131rlanm\u0131\u015f bombal\u0131 bir arac\u0131 hedefe ula\u015fmadan \u00f6nce imha ettiklerini belirten kaynak; Kentin kuzeybat\u0131s\u0131 k\u0131rsal\u0131nda yer alan Tel Bruk B\u00f6lgesinde de I\u015e\u0130D\u2019in askeri mevkilere sald\u0131r\u0131 giri\u015fimleri \u00e7\u00f6kertildi\u011fini kaydetti.<\/p>\n<p>Bu arada radikal ter\u00f6r \u00f6rg\u00fct\u00fc I\u015e\u0130D muhtelif medya ara\u00e7lar\u0131nda Deyrezzor\u2019da say\u0131 ve ekipmanlar\u0131yla b\u00fcy\u00fck kay\u0131plar verdi\u011fini itiraf ederken, bir k\u0131sm\u0131 eleba\u015f\u0131 olan \u00e7ok say\u0131da \u00fcyesinin kimli\u011fini a\u00e7\u0131klad\u0131.<\/p>\n<p>G\u00fcn\u00fcn ilerleyen saatlerinde a\u00e7\u0131klama yapan askeri kaynak Suriye ve Rus hava g\u00fc\u00e7lerinin Deyrezzor\u2019da Fabrikalar, Sigorta Tepesi, Bruk Tepesi, Mekabir ve Stasyum b\u00f6lgelerinde I\u015e\u0130D\u2019e ait bir k\u0131sm\u0131 a\u011f\u0131r silahlarla donat\u0131lm\u0131\u015f, bir k\u0131sm\u0131 da z\u0131rhl\u0131 olan onlarca arac\u0131 y\u00fcksek say\u0131da ter\u00f6ristle birlikte imha ettiklerini belirtti.<\/p>\n<p><span style=\"color: #0000ff\">HALEP:<\/span><\/p>\n<p>Di\u011fer yandan askeri kaynak; Havac\u0131l\u0131k Akademisinde bulunan ordu birliklerimizin Halep Kentinin yakla\u015f\u0131k 52 km do\u011fusuna d\u00fc\u015fen Deyr Hafir \u2013 Mahdum eksenine sald\u0131rmaya \u00e7al\u0131\u015fan I\u015e\u0130D\u2019li ter\u00f6r gruplara kar\u015f\u0131 koyarak onlarca ter\u00f6risti \u00f6l\u00fc ve yaral\u0131 d\u00fc\u015f\u00fcr\u00fcp 10 arac\u0131 y\u00fckleriyle birlikte tamamen imha ettiklerini belirtti\u200f.<\/p>\n<p><span style=\"color: #0000ff\">HOMS:<\/span><\/p>\n<p>Homs k\u0131rsal\u0131n\u0131n do\u011fusunda I\u015e\u0130D\u2019e kar\u015f\u0131 ba\u015flat\u0131lan geni\u015f \u00e7apl\u0131 askeri operasyonlar\u0131n ba\u015far\u0131yla devam etti\u011fini belirten askeri kaynak; D\u00f6rd\u00fcnc\u00fc \u0130stasyonun do\u011fusu, Teyyas B\u00f6lgesinin g\u00fcneydo\u011fusu ve Favvaa Kuyusu yak\u0131nlar\u0131nda bu radikal \u00e7etelerin toplanma yerleri ve ara\u00e7lar\u0131n\u0131n yo\u011fun top ate\u015fine tutuldu\u011funu belirtti.<\/p>\n<p>Operasyonlarda \u00e7ok say\u0131da ter\u00f6ristin \u00f6l\u00fc yaral\u0131 d\u00fc\u015f\u00fcr\u00fcld\u00fc\u011f\u00fcn\u00fc ifade eden kaynak; bir k\u0131sm\u0131 z\u0131rhl\u0131 bir k\u0131sm\u0131 da a\u011f\u0131r silahlarla donat\u0131lm\u0131\u015f bir\u00e7ok arac\u0131n imha edildi\u011fini s\u00f6yledi.<\/p>\n","protected":false},"excerpt":{"rendered":"<p>\u0130LLER \u2013 Ordu birliklerimiz hava g\u00fc\u00e7lerimiz ve top\u00e7u birliklerimizin askeri mevkilere ve sivil b\u00f6lgelere ter\u00f6r sald\u0131r\u0131lar\u0131n\u0131 \u00e7\u00f6kertirlerken, bu sald\u0131rgan \u00e7eteleri say\u0131 ve ara\u00e7lar\u0131yla ciddi kay\u0131plara u\u011fratmaya devam ediyor. DEYREZZOR: Askeri kaynak SANA\u2019ya a\u00e7\u0131klamalar\u0131nda ordu birliklerimizin hava g\u00fc\u00e7lerimiz ve top\u00e7u birliklerimizin deste\u011fi ile Deyrezzor ve k\u0131rsal\u0131nda I\u015e\u0130D mevkileri, karargahlar\u0131 ve siperlerini yo\u011fun ate\u015fe tuttuklar\u0131n\u0131 ifade etti. &hellip;<\/p>\n","protected":false},"author":1,"featured_media":101725,"comment_status":"closed","ping_status":"closed","sticky":false,"template":"","format":"standard","meta":{"footnotes":""},"categories":[479,575,17988,478],"tags":[3464,18365,23799,21046,18237,18576,18577,2318,18347,18674,11549,19043,22182,19034],"class_list":["post-101723","post","type-post","status-publish","format-standard","has-post-thumbnail","","category-haberler-yerel","category-olaylar-ve-gercekler","category-son-haberler","category-yerel","tag-nusra-cephesi","tag-ahrar-el-sam","tag-ceysul-fetih","tag-ceysul-islam","tag-cihatcilar","tag-daes","tag-deas","tag-isid","tag-oso","tag-silahli-muhalifler","tag-suriye-ordusu","tag-suriyede-son-durum","tag-suriyede-savas","tag-suriyeli-muhalifler"],"_links":{"self":[{"href":"https:\/\/archive.sana.sy\/tr\/index.php?rest_route=\/wp\/v2\/posts\/101723","targetHints":{"allow":["GET"]}}],"collection":[{"href":"https:\/\/archive.sana.sy\/tr\/index.php?rest_route=\/wp\/v2\/posts"}],"about":[{"href":"https:\/\/archive.sana.sy\/tr\/index.php?rest_route=\/wp\/v2\/types\/post"}],"author":[{"embeddable":true,"href":"https:\/\/archive.sana.sy\/tr\/index.php?rest_route=\/wp\/v2\/users\/1"}],"replies":[{"embeddable":true,"href":"https:\/\/archive.sana.sy\/tr\/index.php?rest_route=%2Fwp%2Fv2%2Fcomments&post=101723"}],"version-history":[{"count":0,"href":"https:\/\/archive.sana.sy\/tr\/index.php?rest_route=\/wp\/v2\/posts\/101723\/revisions"}],"wp:featuredmedia":[{"embeddable":true,"href":"https:\/\/archive.sana.sy\/tr\/index.php?rest_route=\/wp\/v2\/media\/101725"}],"wp:attachment":[{"href":"https:\/\/archive.sana.sy\/tr\/index.php?rest_route=%2Fwp%2Fv2%2Fmedia&parent=101723"}],"wp:term":[{"taxonomy":"category","embeddable":true,"href":"https:\/\/archive.sana.sy\/tr\/index.php?rest_route=%2Fwp%2Fv2%2Fcategories&post=101723"},{"taxonomy":"post_tag","embeddable":true,"href":"https:\/\/archive.sana.sy\/tr\/index.php?rest_route=%2Fwp%2Fv2%2Ftags&post=101723"}],"curies":[{"name":"wp","href":"https:\/\/api.w.org\/{rel}","templated":true}]}}