{"id":101724,"date":"2017-01-18T12:30:47","date_gmt":"2017-01-18T10:30:47","guid":{"rendered":"http:\/\/www.sana.sy\/tr\/?p=101724"},"modified":"2017-01-20T16:11:34","modified_gmt":"2017-01-20T14:11:34","slug":"isid-elebaslarinin-ailelerini-kirsala-tasiyor","status":"publish","type":"post","link":"https:\/\/archive.sana.sy\/tr\/?p=101724","title":{"rendered":"I\u015e\u0130D Eleba\u015flar\u0131n\u0131n Ailelerini K\u0131rsala Ta\u015f\u0131yor"},"content":{"rendered":"<p>DEYREZZOR \u2013 Deyrezzor Kentinde yerel kaynaklar; Deyrezzor Kentinde ordu birliklerimiz kar\u015f\u0131s\u0131nda a\u011f\u0131r kay\u0131plar veren radikal ter\u00f6r \u00f6rg\u00fct\u00fc I\u015e\u0130D\u2019in, kentte bulunan yabanc\u0131 t\u00fcm eleba\u015flar\u0131n\u0131n ailelerini kent yak\u0131nlar\u0131ndaki k\u0131rsal b\u00f6lgelere aktard\u0131\u011f\u0131n\u0131 belirtti.<\/p>\n<p>Di\u011fer yandan Deyrezzor k\u0131rsal\u0131n\u0131n do\u011fusu Meyadin Kenti, A\u015f\u015fara Beldesi ve Buleyl K\u00f6y\u00fcnden yerel kaynaklar ise; Do\u011fu B\u00f6lgesindeki Halk G\u00fc\u00e7lerinin radikal ter\u00f6r \u00f6rg\u00fct\u00fc I\u015e\u0130D\u2019in, bir dizi karargah\u0131na ilaveten bir\u00e7ok arac\u0131n\u0131 ate\u015fe verip 9 ter\u00f6risti \u00f6l\u00fc, bir\u00e7ok ter\u00f6risti de yaral\u0131 d\u00fc\u015f\u00fcrd\u00fcklerini aktard\u0131.<\/p>\n","protected":false},"excerpt":{"rendered":"<p>DEYREZZOR \u2013 Deyrezzor Kentinde yerel kaynaklar; Deyrezzor Kentinde ordu birliklerimiz kar\u015f\u0131s\u0131nda a\u011f\u0131r kay\u0131plar veren radikal ter\u00f6r \u00f6rg\u00fct\u00fc I\u015e\u0130D\u2019in, kentte bulunan yabanc\u0131 t\u00fcm eleba\u015flar\u0131n\u0131n ailelerini kent yak\u0131nlar\u0131ndaki k\u0131rsal b\u00f6lgelere aktard\u0131\u011f\u0131n\u0131 belirtti. Di\u011fer yandan Deyrezzor k\u0131rsal\u0131n\u0131n do\u011fusu Meyadin Kenti, A\u015f\u015fara Beldesi ve Buleyl K\u00f6y\u00fcnden yerel kaynaklar ise; Do\u011fu B\u00f6lgesindeki Halk G\u00fc\u00e7lerinin radikal ter\u00f6r \u00f6rg\u00fct\u00fc I\u015e\u0130D\u2019in, bir dizi &hellip;<\/p>\n","protected":false},"author":1,"featured_media":101727,"comment_status":"closed","ping_status":"closed","sticky":false,"template":"","format":"standard","meta":{"footnotes":""},"categories":[575,17988],"tags":[18237,18576,18329,18577,26789,2494,2318,11549],"class_list":["post-101724","post","type-post","status-publish","format-standard","has-post-thumbnail","","category-olaylar-ve-gercekler","category-son-haberler","tag-cihatcilar","tag-daes","tag-dais","tag-deas","tag-deyr-el-zor","tag-deyrezzor","tag-isid","tag-suriye-ordusu"],"_links":{"self":[{"href":"https:\/\/archive.sana.sy\/tr\/index.php?rest_route=\/wp\/v2\/posts\/101724","targetHints":{"allow":["GET"]}}],"collection":[{"href":"https:\/\/archive.sana.sy\/tr\/index.php?rest_route=\/wp\/v2\/posts"}],"about":[{"href":"https:\/\/archive.sana.sy\/tr\/index.php?rest_route=\/wp\/v2\/types\/post"}],"author":[{"embeddable":true,"href":"https:\/\/archive.sana.sy\/tr\/index.php?rest_route=\/wp\/v2\/users\/1"}],"replies":[{"embeddable":true,"href":"https:\/\/archive.sana.sy\/tr\/index.php?rest_route=%2Fwp%2Fv2%2Fcomments&post=101724"}],"version-history":[{"count":0,"href":"https:\/\/archive.sana.sy\/tr\/index.php?rest_route=\/wp\/v2\/posts\/101724\/revisions"}],"wp:featuredmedia":[{"embeddable":true,"href":"https:\/\/archive.sana.sy\/tr\/index.php?rest_route=\/wp\/v2\/media\/101727"}],"wp:attachment":[{"href":"https:\/\/archive.sana.sy\/tr\/index.php?rest_route=%2Fwp%2Fv2%2Fmedia&parent=101724"}],"wp:term":[{"taxonomy":"category","embeddable":true,"href":"https:\/\/archive.sana.sy\/tr\/index.php?rest_route=%2Fwp%2Fv2%2Fcategories&post=101724"},{"taxonomy":"post_tag","embeddable":true,"href":"https:\/\/archive.sana.sy\/tr\/index.php?rest_route=%2Fwp%2Fv2%2Ftags&post=101724"}],"curies":[{"name":"wp","href":"https:\/\/api.w.org\/{rel}","templated":true}]}}