{"id":101853,"date":"2017-01-18T20:00:24","date_gmt":"2017-01-18T18:00:24","guid":{"rendered":"http:\/\/www.sana.sy\/tr\/?p=101853"},"modified":"2017-01-20T16:07:25","modified_gmt":"2017-01-20T14:07:25","slug":"uc-kurum-bir-isim-altinda-birlesti","status":"publish","type":"post","link":"https:\/\/archive.sana.sy\/tr\/?p=101853","title":{"rendered":"\u00dc\u00e7 Kurum Bir \u0130sim Alt\u0131nda Birle\u015fti"},"content":{"rendered":"<p>\u015eAM \u2013 Cumhurba\u015fkan\u0131 Be\u015f\u015far el Esad bug\u00fcn, bir dizi kurumun tek bir isim alt\u0131nda birle\u015fmelerini \u00f6ng\u00f6ren 2017\/06 say\u0131l\u0131 yasama karar\u0131n\u0131 onaylad\u0131.<\/p>\n<p>Yasama karar\u0131nda T\u00fcketim Kamu Kurumu, Depolama ve Pazarlama Kamu Kurumu ve Tekstil \u00dcr\u00fcnlerini Da\u011f\u0131tma Kamu Kurumu Suriye Ticaret Kamu Kurumu ad\u0131 alt\u0131nda birle\u015fti.<\/p>\n","protected":false},"excerpt":{"rendered":"<p>\u015eAM \u2013 Cumhurba\u015fkan\u0131 Be\u015f\u015far el Esad bug\u00fcn, bir dizi kurumun tek bir isim alt\u0131nda birle\u015fmelerini \u00f6ng\u00f6ren 2017\/06 say\u0131l\u0131 yasama karar\u0131n\u0131 onaylad\u0131. Yasama karar\u0131nda T\u00fcketim Kamu Kurumu, Depolama ve Pazarlama Kamu Kurumu ve Tekstil \u00dcr\u00fcnlerini Da\u011f\u0131tma Kamu Kurumu Suriye Ticaret Kamu Kurumu ad\u0131 alt\u0131nda birle\u015fti.<\/p>\n","protected":false},"author":1,"featured_media":101222,"comment_status":"closed","ping_status":"closed","sticky":false,"template":"","format":"standard","meta":{"footnotes":""},"categories":[479,605,17988,612,599,478],"tags":[16402,26798,26797,16714],"class_list":["post-101853","post","type-post","status-publish","format-standard","has-post-thumbnail","","category-haberler-yerel","category-sayin-cumhurbaskani","category-son-haberler","category-yasama-kararnameler","category-yasama-ve-kanunlar","category-yerel","tag-cumhurbaskani-bessar-el-esad","tag-depolama-ve-pazarlama-kamu-kurumu-ve-tekstil-urunlerini-dagitma-kamu-kurumu-suriye-ticaret-kamu-kurumu","tag-uc-kurum-bir-isim-altinda-birlesti","tag-yasama-karari"],"_links":{"self":[{"href":"https:\/\/archive.sana.sy\/tr\/index.php?rest_route=\/wp\/v2\/posts\/101853","targetHints":{"allow":["GET"]}}],"collection":[{"href":"https:\/\/archive.sana.sy\/tr\/index.php?rest_route=\/wp\/v2\/posts"}],"about":[{"href":"https:\/\/archive.sana.sy\/tr\/index.php?rest_route=\/wp\/v2\/types\/post"}],"author":[{"embeddable":true,"href":"https:\/\/archive.sana.sy\/tr\/index.php?rest_route=\/wp\/v2\/users\/1"}],"replies":[{"embeddable":true,"href":"https:\/\/archive.sana.sy\/tr\/index.php?rest_route=%2Fwp%2Fv2%2Fcomments&post=101853"}],"version-history":[{"count":0,"href":"https:\/\/archive.sana.sy\/tr\/index.php?rest_route=\/wp\/v2\/posts\/101853\/revisions"}],"wp:featuredmedia":[{"embeddable":true,"href":"https:\/\/archive.sana.sy\/tr\/index.php?rest_route=\/wp\/v2\/media\/101222"}],"wp:attachment":[{"href":"https:\/\/archive.sana.sy\/tr\/index.php?rest_route=%2Fwp%2Fv2%2Fmedia&parent=101853"}],"wp:term":[{"taxonomy":"category","embeddable":true,"href":"https:\/\/archive.sana.sy\/tr\/index.php?rest_route=%2Fwp%2Fv2%2Fcategories&post=101853"},{"taxonomy":"post_tag","embeddable":true,"href":"https:\/\/archive.sana.sy\/tr\/index.php?rest_route=%2Fwp%2Fv2%2Ftags&post=101853"}],"curies":[{"name":"wp","href":"https:\/\/api.w.org\/{rel}","templated":true}]}}