{"id":101858,"date":"2017-01-18T20:15:12","date_gmt":"2017-01-18T18:15:12","guid":{"rendered":"http:\/\/www.sana.sy\/tr\/?p=101858"},"modified":"2017-01-20T16:07:29","modified_gmt":"2017-01-20T14:07:29","slug":"riyad-muhalefet-grubu-destekci-devletlerin-elindeki-bir-kukladan-ibarettir","status":"publish","type":"post","link":"https:\/\/archive.sana.sy\/tr\/?p=101858","title":{"rendered":"S\u00f6zde Muhalif Grubun S\u00f6zc\u00fcs\u00fc Bizzat \u0130tiraf Etti"},"content":{"rendered":"<p>ANKARA \u2013 &#8216;Riyad Muhalefet Grubu&#8217; olarak bilinen ve d\u0131\u015f g\u00fc\u00e7lere hizmet eden olu\u015fumun s\u00f6zc\u00fcs\u00fc Fayiz Sara; kendine \u201cSuriye Ulusal Devrim Muhalefet Koalisyonu\u201d ad\u0131n\u0131 veren bu grub \u00fcyelerinin \u015fahsi ve dar kapsaml\u0131 \u00e7\u0131karlar\u0131na hizmet eden, b\u00f6lgesel ve d\u00fcnya \u00fczerinde kimi devletlerin elindeki bir kukladan ibaret oldu\u011funu itiraf etti.<\/p>\n<p>Suudi Arabistan\u2019\u0131n Ba\u015fkenti Riyad\u2019ta merkezi bulunan gruptan ayr\u0131ld\u0131\u011f\u0131n\u0131 ilan eden Sara; Koalisyonu \u201cUlusal Konsey\u201d vir\u00fcs\u00fcnden dolay\u0131 hastal\u0131kl\u0131 do\u011fmu\u015f bir \u00e7ocuk olarak nitelendirerek uluslararas\u0131 ve b\u00f6lgesel m\u00fcdahalelerle bu \u00e7ocu\u011fun b\u00f6lgede \u00e7\u0131karlar\u0131 bulunan g\u00fc\u00e7ler taraf\u0131ndan kullan\u0131ld\u0131\u011f\u0131n\u0131 belirtti.<\/p>\n<p>Suriye\u2019de hi\u00e7bir \u015fekilde varl\u0131k g\u00f6stermeyen bir\u00e7ok \u015fahsiyet ve grubun koalisyon kapsam\u0131nda yer ald\u0131\u011f\u0131na dikkat \u00e7eken Sara; bu Koalisyon kapsam\u0131nda yer alan herkesin ve faaliyetlerini destekleyenlerin de Suriye\u2019ye y\u00f6nelik d\u0131\u015far\u0131dan yap\u0131lacak askeri m\u00fcdahaleden ba\u015fka bir g\u00fcvenceleri bulunmad\u0131\u011f\u0131n\u0131 belirtti.<\/p>\n<p>Koalisyon \u00fcyelerinin \u00f6zel bir \u015firket kurma giri\u015fiminde bulunduklar\u0131n\u0131 ancak bu \u015firketin kurulduktan birka\u00e7 ay sonra iflas\u0131n\u0131 ilan ederek batt\u0131\u011f\u0131n\u0131 anlatan Sara; kimi Koalisyon \u00fcyelerinin dar \u00e7\u0131karlar pe\u015finde olmalar\u0131 nedeniyle hala Koalisyon yaftas\u0131 alt\u0131nda yer almaya devam ettiklerini ibraz etti.<\/p>\n<p>Koalisyonun bireysellik, rekabet, \u00e7at\u0131\u015fma ve acizlikle y\u00f6netildi\u011fini ifade eden Sara; Koalisyonun radikal ter\u00f6r gruplar\u0131yla ilgili bir tutum belirlemekten aciz oldu\u011funu ve kendisini destekleyen devletlerin tutumlar\u0131n\u0131 destekledi\u011fini ekledi.<\/p>\n","protected":false},"excerpt":{"rendered":"<p>ANKARA \u2013 &#8216;Riyad Muhalefet Grubu&#8217; olarak bilinen ve d\u0131\u015f g\u00fc\u00e7lere hizmet eden olu\u015fumun s\u00f6zc\u00fcs\u00fc Fayiz Sara; kendine \u201cSuriye Ulusal Devrim Muhalefet Koalisyonu\u201d ad\u0131n\u0131 veren bu grub \u00fcyelerinin \u015fahsi ve dar kapsaml\u0131 \u00e7\u0131karlar\u0131na hizmet eden, b\u00f6lgesel ve d\u00fcnya \u00fczerinde kimi devletlerin elindeki bir kukladan ibaret oldu\u011funu itiraf etti. Suudi Arabistan\u2019\u0131n Ba\u015fkenti Riyad\u2019ta merkezi bulunan gruptan ayr\u0131ld\u0131\u011f\u0131n\u0131 &hellip;<\/p>\n","protected":false},"author":1,"featured_media":101859,"comment_status":"closed","ping_status":"closed","sticky":false,"template":"","format":"standard","meta":{"footnotes":""},"categories":[17988,2554,2555],"tags":[26802,26803,26804,19034],"class_list":["post-101858","post","type-post","status-publish","format-standard","has-post-thumbnail","","category-son-haberler","category-suriye-ve-dunya","category-suriye-ve-turkiye","tag-riyad-muhalefet-grubu-destekci-devletlerin-elindeki-bir-kukladan-ibarettir","tag-riyad-muhalefet-grubu-resmi-sozcusu-fayiz-sara","tag-suriyeli-muhalefet","tag-suriyeli-muhalifler"],"_links":{"self":[{"href":"https:\/\/archive.sana.sy\/tr\/index.php?rest_route=\/wp\/v2\/posts\/101858","targetHints":{"allow":["GET"]}}],"collection":[{"href":"https:\/\/archive.sana.sy\/tr\/index.php?rest_route=\/wp\/v2\/posts"}],"about":[{"href":"https:\/\/archive.sana.sy\/tr\/index.php?rest_route=\/wp\/v2\/types\/post"}],"author":[{"embeddable":true,"href":"https:\/\/archive.sana.sy\/tr\/index.php?rest_route=\/wp\/v2\/users\/1"}],"replies":[{"embeddable":true,"href":"https:\/\/archive.sana.sy\/tr\/index.php?rest_route=%2Fwp%2Fv2%2Fcomments&post=101858"}],"version-history":[{"count":0,"href":"https:\/\/archive.sana.sy\/tr\/index.php?rest_route=\/wp\/v2\/posts\/101858\/revisions"}],"wp:featuredmedia":[{"embeddable":true,"href":"https:\/\/archive.sana.sy\/tr\/index.php?rest_route=\/wp\/v2\/media\/101859"}],"wp:attachment":[{"href":"https:\/\/archive.sana.sy\/tr\/index.php?rest_route=%2Fwp%2Fv2%2Fmedia&parent=101858"}],"wp:term":[{"taxonomy":"category","embeddable":true,"href":"https:\/\/archive.sana.sy\/tr\/index.php?rest_route=%2Fwp%2Fv2%2Fcategories&post=101858"},{"taxonomy":"post_tag","embeddable":true,"href":"https:\/\/archive.sana.sy\/tr\/index.php?rest_route=%2Fwp%2Fv2%2Ftags&post=101858"}],"curies":[{"name":"wp","href":"https:\/\/api.w.org\/{rel}","templated":true}]}}