{"id":101890,"date":"2017-01-19T13:01:33","date_gmt":"2017-01-19T11:01:33","guid":{"rendered":"http:\/\/www.sana.sy\/tr\/?p=101890"},"modified":"2017-01-19T13:35:35","modified_gmt":"2017-01-19T11:35:35","slug":"rusya-disisleri-bakanligi-suriyedeki-krize-dis-mudahale-olmaksizin-suriyeliler-arasinda-siyasi-cozum-saglama-amaciyla-23-ocak-tarihinde-kazakistanin-baskenti-astanada-yapilacak-go","status":"publish","type":"post","link":"https:\/\/archive.sana.sy\/tr\/?p=101890","title":{"rendered":"Rusya D\u0131\u015fi\u015fleri Bakanl\u0131\u011f\u0131; Suriye&#8217;deki krize d\u0131\u015f m\u00fcdahale olmaks\u0131z\u0131n Suriyeliler aras\u0131nda siyasi \u00e7\u00f6z\u00fcm sa\u011flama amac\u0131yla 23 Ocak tarihinde Kazakistan\u2019\u0131n ba\u015fkenti Astana\u2019da yap\u0131lacak g\u00f6r\u00fc\u015fmelere kat\u0131l\u0131m davetlerinin hen\u00fcz g\u00f6nderilmedi\u011fini belirtti"},"content":{"rendered":"<p>Rusya D\u0131\u015fi\u015fleri Bakanl\u0131\u011f\u0131; Suriye&#8217;deki krize d\u0131\u015f m\u00fcdahale olmaks\u0131z\u0131n Suriyeliler aras\u0131nda siyasi \u00e7\u00f6z\u00fcm sa\u011flama amac\u0131yla 23 Ocak tarihinde Kazakistan\u2019\u0131n ba\u015fkenti Astana\u2019da yap\u0131lacak g\u00f6r\u00fc\u015fmelere kat\u0131l\u0131m davetlerinin hen\u00fcz g\u00f6nderilmedi\u011fini belirtti<\/p>\n","protected":false},"excerpt":{"rendered":"<p>Rusya D\u0131\u015fi\u015fleri Bakanl\u0131\u011f\u0131; Suriye&#8217;deki krize d\u0131\u015f m\u00fcdahale olmaks\u0131z\u0131n Suriyeliler aras\u0131nda siyasi \u00e7\u00f6z\u00fcm sa\u011flama amac\u0131yla 23 Ocak tarihinde Kazakistan\u2019\u0131n ba\u015fkenti Astana\u2019da yap\u0131lacak g\u00f6r\u00fc\u015fmelere kat\u0131l\u0131m davetlerinin hen\u00fcz g\u00f6nderilmedi\u011fini belirtti<\/p>\n","protected":false},"author":1,"featured_media":0,"comment_status":"closed","ping_status":"closed","sticky":false,"template":"","format":"standard","meta":{"footnotes":""},"categories":[17991],"tags":[],"class_list":["post-101890","post","type-post","status-publish","format-standard","","category-son-dakika"],"_links":{"self":[{"href":"https:\/\/archive.sana.sy\/tr\/index.php?rest_route=\/wp\/v2\/posts\/101890","targetHints":{"allow":["GET"]}}],"collection":[{"href":"https:\/\/archive.sana.sy\/tr\/index.php?rest_route=\/wp\/v2\/posts"}],"about":[{"href":"https:\/\/archive.sana.sy\/tr\/index.php?rest_route=\/wp\/v2\/types\/post"}],"author":[{"embeddable":true,"href":"https:\/\/archive.sana.sy\/tr\/index.php?rest_route=\/wp\/v2\/users\/1"}],"replies":[{"embeddable":true,"href":"https:\/\/archive.sana.sy\/tr\/index.php?rest_route=%2Fwp%2Fv2%2Fcomments&post=101890"}],"version-history":[{"count":0,"href":"https:\/\/archive.sana.sy\/tr\/index.php?rest_route=\/wp\/v2\/posts\/101890\/revisions"}],"wp:attachment":[{"href":"https:\/\/archive.sana.sy\/tr\/index.php?rest_route=%2Fwp%2Fv2%2Fmedia&parent=101890"}],"wp:term":[{"taxonomy":"category","embeddable":true,"href":"https:\/\/archive.sana.sy\/tr\/index.php?rest_route=%2Fwp%2Fv2%2Fcategories&post=101890"},{"taxonomy":"post_tag","embeddable":true,"href":"https:\/\/archive.sana.sy\/tr\/index.php?rest_route=%2Fwp%2Fv2%2Ftags&post=101890"}],"curies":[{"name":"wp","href":"https:\/\/api.w.org\/{rel}","templated":true}]}}