{"id":101983,"date":"2017-01-19T21:35:36","date_gmt":"2017-01-19T19:35:36","guid":{"rendered":"http:\/\/www.sana.sy\/tr\/?p=101983"},"modified":"2017-01-20T14:42:35","modified_gmt":"2017-01-20T12:42:35","slug":"aydinlatici-dini-vaazlar-terorle-mucadelede-buyuk-bir-onem-tasiyor","status":"publish","type":"post","link":"https:\/\/archive.sana.sy\/tr\/?p=101983","title":{"rendered":"Ayd\u0131nlat\u0131c\u0131 Dini Vaazlar Ter\u00f6rle M\u00fccadelede B\u00fcy\u00fck Bir \u00d6nem Ta\u015f\u0131yor"},"content":{"rendered":"<p>HASEKE \u2013 Haseke Valisi Cayiz Hamud Musa, provokasyon \u00e7a\u011fr\u0131lar\u0131, fitne giri\u015fimleri ve tekfirci ter\u00f6re kar\u015f\u0131 m\u00fccadelede ayd\u0131nlat\u0131c\u0131 dini vaazlar\u0131n b\u00fcy\u00fck bir \u00f6nem ta\u015f\u0131d\u0131\u011f\u0131n\u0131 dile getirdi.<\/p>\n<p>M\u00fcsl\u00fcman ve H\u0131ristiyan din adamlar\u0131yla valilik binas\u0131nda bir araya gelen Vali; b\u00fct\u00fcn semavi dinlerin Suriye topraklar\u0131nda inerek b\u00fct\u00fcn d\u00fcnyay\u0131 ayd\u0131nlatt\u0131\u011f\u0131n\u0131 ancak d\u00fcnyan\u0131n d\u00f6rt bir yan\u0131ndan toplanan, finanse edilen ve desteklenen ter\u00f6r\u00fcn bu topraklar\u0131 kirletmeye \u00e7al\u0131\u015ft\u0131\u011f\u0131n\u0131 ifade etti.<\/p>\n<p>Haseke M\u00fcft\u00fcs\u00fc Abd\u00fclhamid el Kendah, maruz kal\u0131nan sald\u0131r\u0131lar\u0131n eli silah tutan b\u00fct\u00fcn vatanda\u015flara vatan\u0131 savunma sorumlulu\u011fu getirdi\u011fini ifade etti.<\/p>\n<p>Cezire ve F\u0131rat B\u00f6lgesi S\u00fcryani Ortodoks Patri\u011fi Piskopos Morris Emsih, M\u00fcsl\u00fcman ve H\u0131ristiyan din adamlar\u0131n\u0131n bu s\u00fcre\u00e7te vatan savunmas\u0131nda \u00f6nemli bir rol \u00fcstlenmi\u015f olduklar\u0131na i\u015faret ederek ter\u00f6re kar\u015f\u0131 m\u00fccadelede Halepli vatan evlatlar\u0131na destek verildi\u011fi gibi Deyrelzor ilinde ya\u015fayan vatan evlatlar\u0131na da deste\u011fin esirgenmeyece\u011fini vurgulad\u0131.<\/p>\n","protected":false},"excerpt":{"rendered":"<p>HASEKE \u2013 Haseke Valisi Cayiz Hamud Musa, provokasyon \u00e7a\u011fr\u0131lar\u0131, fitne giri\u015fimleri ve tekfirci ter\u00f6re kar\u015f\u0131 m\u00fccadelede ayd\u0131nlat\u0131c\u0131 dini vaazlar\u0131n b\u00fcy\u00fck bir \u00f6nem ta\u015f\u0131d\u0131\u011f\u0131n\u0131 dile getirdi. M\u00fcsl\u00fcman ve H\u0131ristiyan din adamlar\u0131yla valilik binas\u0131nda bir araya gelen Vali; b\u00fct\u00fcn semavi dinlerin Suriye topraklar\u0131nda inerek b\u00fct\u00fcn d\u00fcnyay\u0131 ayd\u0131nlatt\u0131\u011f\u0131n\u0131 ancak d\u00fcnyan\u0131n d\u00f6rt bir yan\u0131ndan toplanan, finanse edilen ve desteklenen &hellip;<\/p>\n","protected":false},"author":1,"featured_media":101984,"comment_status":"closed","ping_status":"closed","sticky":false,"template":"","format":"standard","meta":{"footnotes":""},"categories":[479,17988,478],"tags":[26845,26847,26846],"class_list":["post-101983","post","type-post","status-publish","format-standard","has-post-thumbnail","","category-haberler-yerel","category-son-haberler","category-yerel","tag-aydinlatici-dini-vaazlar-terorle-mucadelede-buyuk-bir-onem-tasiyor","tag-cezire-ve-firat-bolgesi-suryani-ortodoks-patrigi-piskopos-morris-emsih","tag-haseke-valisi-cayiz-hamud-musa"],"_links":{"self":[{"href":"https:\/\/archive.sana.sy\/tr\/index.php?rest_route=\/wp\/v2\/posts\/101983","targetHints":{"allow":["GET"]}}],"collection":[{"href":"https:\/\/archive.sana.sy\/tr\/index.php?rest_route=\/wp\/v2\/posts"}],"about":[{"href":"https:\/\/archive.sana.sy\/tr\/index.php?rest_route=\/wp\/v2\/types\/post"}],"author":[{"embeddable":true,"href":"https:\/\/archive.sana.sy\/tr\/index.php?rest_route=\/wp\/v2\/users\/1"}],"replies":[{"embeddable":true,"href":"https:\/\/archive.sana.sy\/tr\/index.php?rest_route=%2Fwp%2Fv2%2Fcomments&post=101983"}],"version-history":[{"count":0,"href":"https:\/\/archive.sana.sy\/tr\/index.php?rest_route=\/wp\/v2\/posts\/101983\/revisions"}],"wp:featuredmedia":[{"embeddable":true,"href":"https:\/\/archive.sana.sy\/tr\/index.php?rest_route=\/wp\/v2\/media\/101984"}],"wp:attachment":[{"href":"https:\/\/archive.sana.sy\/tr\/index.php?rest_route=%2Fwp%2Fv2%2Fmedia&parent=101983"}],"wp:term":[{"taxonomy":"category","embeddable":true,"href":"https:\/\/archive.sana.sy\/tr\/index.php?rest_route=%2Fwp%2Fv2%2Fcategories&post=101983"},{"taxonomy":"post_tag","embeddable":true,"href":"https:\/\/archive.sana.sy\/tr\/index.php?rest_route=%2Fwp%2Fv2%2Ftags&post=101983"}],"curies":[{"name":"wp","href":"https:\/\/api.w.org\/{rel}","templated":true}]}}