{"id":102360,"date":"2017-01-22T16:21:16","date_gmt":"2017-01-22T14:21:16","guid":{"rendered":"http:\/\/www.sana.sy\/tr\/?p=102360"},"modified":"2017-01-23T12:00:50","modified_gmt":"2017-01-23T10:00:50","slug":"caferi-astana-gorusmelerine-olumlu-katilim-talimatlari-aldik","status":"publish","type":"post","link":"https:\/\/archive.sana.sy\/tr\/?p=102360","title":{"rendered":"Caferi: Astana G\u00f6r\u00fc\u015fmelerine Olumlu Kat\u0131l\u0131m Talimatlar\u0131 Ald\u0131k (video)"},"content":{"rendered":"<p>ASTANA \u2013 Suriye&#8217;deki krizin herhangi bir d\u0131\u015f m\u00fcdahale olmaks\u0131z\u0131n Suriyeliler aras\u0131nda siyasi yollarla \u00e7\u00f6z\u00fclmesi amac\u0131yla Kazakistan\u2019\u0131n ba\u015fkenti Astana\u2019da yap\u0131lacak g\u00f6r\u00fc\u015fmelerde Suriye Arap Cumhuriyeti heyetinin ba\u015fkan\u0131 Be\u015f\u015far el Caferi, heyeti Astana\u2019ya ta\u015f\u0131yan u\u00e7a\u011f\u0131n metninde bas\u0131n toplant\u0131s\u0131 d\u00fczenledi.<\/p>\n<p><span style=\"color: #0000ff\">Her \u0130stasyonun Kendine Has \u00d6zellikleri Vard\u0131r<\/span><\/p>\n<p>Caferi bas\u0131n toplant\u0131s\u0131nda gazetecilerin sorular\u0131n\u0131 a\u00e7\u0131klarken, Suriye&#8217;de ulusal \u00e7\u0131karlara hizmete eden ve krizin siyasi \u00e7\u00f6z\u00fcm\u00fcne katk\u0131 sa\u011flayacak her toplant\u0131n\u0131n ku\u015fkusuz Suriye h\u00fck\u00fcmeti a\u00e7\u0131s\u0131ndan b\u00fcy\u00fck bir \u00f6nem ta\u015f\u0131d\u0131\u011f\u0131n\u0131 vurgulad\u0131. Her istasyonun kendine has \u00f6zellikleri ve ajandas\u0131 bulundu\u011funa dikkat \u00e7eken Caferi, sonu\u00e7 itibariyle Suriye&#8217;yi g\u00fcvenli karaya ula\u015ft\u0131racak olanlar\u0131n her toplant\u0131dan elde edilen sonu\u00e7lar oldu\u011funu s\u00f6yledi.<\/p>\n<p><span style=\"color: #0000ff\">Olumlu Kat\u0131l\u0131m Talimatlar\u0131 Ald\u0131k<\/span><\/p>\n<p><a href=\"http:\/\/www.sana.sy\/tr\/wp-content\/uploads\/2017\/01\/caferi-1.jpg\"><img loading=\"lazy\" decoding=\"async\" class=\"alignright wp-image-102362 size-medium\" src=\"http:\/\/www.sana.sy\/tr\/wp-content\/uploads\/2017\/01\/caferi-1-245x300.jpg\" width=\"245\" height=\"300\" srcset=\"https:\/\/archive.sana.sy\/tr\/wp-content\/uploads\/2017\/01\/caferi-1-245x300.jpg 245w, https:\/\/archive.sana.sy\/tr\/wp-content\/uploads\/2017\/01\/caferi-1-122x150.jpg 122w, https:\/\/archive.sana.sy\/tr\/wp-content\/uploads\/2017\/01\/caferi-1.jpg 522w\" sizes=\"auto, (max-width: 245px) 100vw, 245px\" \/><\/a>Astana g\u00f6r\u00fc\u015fmelerinden beklentiler konusunda Caferi; bu ba\u011flamda tahminlerde bulunmak i\u00e7in zaman\u0131n hen\u00fcz erken oldu\u011funu belirtti. Suriye heyetinin g\u00f6r\u00fc\u015fmelere olumlu bir tutumla kat\u0131lmakla birlikte Suriye&#8217;nin resmi ve halk vizyonunu aktarma talimatlar\u0131 ald\u0131\u011f\u0131n\u0131 ifade eden Caferi; bu g\u00f6r\u00fc\u015fmelerin belirlenen bir dizi hedefi oldu\u011funu belirtti. Caferi bu temel noktalar aras\u0131nda \u00e7at\u0131\u015fmalar\u0131n durdurulmas\u0131 \u00e7izgilerini tespit etme, \u00e7at\u0131\u015fmalar\u0131n durdurulmas\u0131n\u0131 veya Astana g\u00f6r\u00fc\u015fmelerine kat\u0131lmay\u0131 kabul eden silahl\u0131 gruplar\u0131 I\u015e\u0130D, Nusra Cephesi ve di\u011fer ter\u00f6r \u00f6rg\u00fctlerden ay\u0131rmak oldu\u011funu kaydetti. Astana g\u00f6r\u00fc\u015fmelerinin kat\u0131l\u0131mc\u0131 gruplarla birlikte Suriye&#8217;de ter\u00f6r\u00fc edat olarak kullanan taraflar\u0131n ciddiyeti ve d\u00fcr\u00fcstl\u00fc\u011f\u00fc a\u00e7\u0131s\u0131ndan bir s\u0131nav olaca\u011f\u0131na dikkat \u00e7eken Caferi; g\u00f6r\u00fc\u015fmelerde olumlu ad\u0131mlar kaydedilmesi temennisinde bulundu.<\/p>\n<p><span style=\"color: #0000ff\">G\u00f6r\u00fc\u015fmeler Sadece Suriyeliler Aras\u0131nda Olacak<\/span><\/p>\n<p>ABD\u2019nin Astana b\u00fcy\u00fckel\u00e7isi d\u00fczeyinde g\u00f6r\u00fc\u015fmelere kat\u0131lmas\u0131 konusunda soruya cevab\u0131nda Caferi; Suriye a\u00e7\u0131s\u0131ndan g\u00f6r\u00fc\u015fmelerin kelimenin tam anlam\u0131yla Suriyeliler aras\u0131nda oldu\u011funun alt\u0131n\u0131 \u00e7izdi. Caferi g\u00f6r\u00fc\u015fmelerin gerek Suriye&#8217;de, gerek Astana\u2019da, gerek Cenevre&#8217;de ya da gerekse ba\u015fka herhangi bir yerde olmas\u0131n\u0131n hi\u00e7bir \u00f6nem ta\u015f\u0131mad\u0131\u011f\u0131n\u0131, as\u0131l \u00f6nemli olan\u0131n bu g\u00f6r\u00fc\u015fmelerin hi\u00e7bir yabanc\u0131 m\u00fcdahale olmaks\u0131z\u0131n Suriyeler aras\u0131nda olmas\u0131 gerekti\u011finin \u00f6nemini kaydetti. Bir di\u011fer noktan\u0131n ise Suriye&#8217;nin g\u00f6r\u00fc\u015fmelere kat\u0131lacak taraflar\u0131 belirlemede hi\u00e7bir ilgisi olmad\u0131\u011f\u0131na dikkat \u00e7eken Caferi; bunun tamamen g\u00f6r\u00fc\u015fmelerin organizat\u00f6rleri ve garant\u00f6rleri taraf\u0131ndan yap\u0131ld\u0131\u011f\u0131n\u0131 s\u00f6yledi. Caferi her \u015feye ra\u011fmen ABD\u2019nin kat\u0131l\u0131m\u0131n\u0131n olumsuz ya da provokat\u00f6r olmamas\u0131yla birlikte siyasi \u00e7\u00f6z\u00fcm y\u00f6n\u00fcnde daha olumlu olmas\u0131 temennisinde bulundu.<\/p>\n<p><span style=\"color: #0000ff\">Ter\u00f6r\u00fc Destekleyen T\u00fcrkiye Rejimi ile Diyalog Yok<\/span><\/p>\n<p>T\u00fcrkiye&#8217;nin Astana g\u00f6r\u00fc\u015fmelerindeki rol\u00fc konusunda ise Caferi, hem Suriye hem de m\u00fcttefikleri Rusya ve \u0130ran a\u00e7\u0131s\u0131ndan g\u00f6r\u00fc\u015fmelerin sadece Suriyeliler aras\u0131nda olaca\u011f\u0131, ne T\u00fcrkiye ne de ba\u015fka hi\u00e7bir taraf\u0131n bu g\u00f6r\u00fc\u015fmelere kat\u0131lmayacaklar\u0131 konusunda hemfikir olduklar\u0131n\u0131 kaydetti. Caferi Astana g\u00f6r\u00fc\u015fmelerinin daha \u00f6nce \u00fcst\u00fcnde uzla\u015fma sa\u011flanan ortak paydalar \u00e7er\u00e7evesinde olup herhangi bir \u00f6nko\u015ful, dayatma ya da d\u0131\u015f m\u00fcdahaleden uzak olarak sadece Suriyeliler aras\u0131nda siyasi g\u00f6r\u00fc\u015fmelerden ibaret oldu\u011funu bir kez daha vurgulad\u0131.<\/p>\n<p>Caferi Suriye a\u00e7\u0131s\u0131ndan T\u00fcrkiye rejiminin Suriye&#8217;nin egemenli\u011fini ve topraklar\u0131na sald\u0131ran, ter\u00f6re muhtelif t\u00fcr destek veren ve siyasi \u00e7\u00f6z\u00fcm\u00fc sabote eden bir rejim olmas\u0131yla Suriye&#8217;nin bu rejimle resmi herhangi bir diyalogda bulunmas\u0131n\u0131n m\u00fcmk\u00fcn olmad\u0131\u011f\u0131n\u0131 belirtti.<\/p>\n<p><span style=\"color: #0000ff\">Ter\u00f6re Destekleri G\u00f6z \u00d6n\u00fcnde Bulundurulacak<\/span><\/p>\n<p>Astana g\u00f6r\u00fc\u015fmelerinin, \u00e7al\u0131\u015fma g\u00fcndeminde yer alan noktalar\u0131n tekniksel olarak ele al\u0131naca\u011f\u0131 bir istasyon olaca\u011f\u0131n\u0131 ifade eden Caferi; daha sonra devam edecek siyasi g\u00f6r\u00fc\u015fmeler i\u00e7in \u00f6nemli bir ilerleme kaydetmesi temennisinde bulundu.<\/p>\n<p>Bir\u00e7ok ter\u00f6r \u00f6rg\u00fct\u00fcn\u00fcn arkas\u0131nda duran ve onlar\u0131 destekleyip y\u00f6nlendirenlerin T\u00fcrkiye, Suudi Arabistan, Katar, ABD, \u0130ngiltere ve Fransa\u2019n\u0131n bulundu\u011funun bilindi\u011fine vurgu yapan Caferi; bu devletlerin m\u00fcdahalelerde bulunacaklar\u0131n\u0131n da g\u00f6z \u00f6n\u00fcnde bulunduruldu\u011funu s\u00f6yledi.<\/p>\n<p>Bu arada Astana g\u00f6r\u00fc\u015fmelerine kat\u0131lacak Suriye Arap Cumhuriyeti heyeti heyet ba\u015fkan\u0131 olarak Suriye&#8217;nin BM daimi temsilcisi Caferi\u2019nin yan\u0131 s\u0131ra D\u0131\u015fi\u015fleri ve Gurbet\u00e7iler Bakan M\u00fcste\u015far\u0131 Ahmet Arnus, Suriye&#8217;nin Moskova B\u00fcy\u00fckel\u00e7isi Riyad Haddad, Milletvekili Ahmet Kesberi, Emced \u0130sa, Usama Ali, haydar Ahmet, T\u00fcmgeneral Selim Harba, T\u00fcmgeneral Adnan Hulva ve Albay Samir Breydi\u2019den olu\u015fuyor.<\/p>\n<p>https:\/\/www.youtube.com\/watch?v=Harz_V4SlUw<\/p>\n","protected":false},"excerpt":{"rendered":"<p>ASTANA \u2013 Suriye&#8217;deki krizin herhangi bir d\u0131\u015f m\u00fcdahale olmaks\u0131z\u0131n Suriyeliler aras\u0131nda siyasi yollarla \u00e7\u00f6z\u00fclmesi amac\u0131yla Kazakistan\u2019\u0131n ba\u015fkenti Astana\u2019da yap\u0131lacak g\u00f6r\u00fc\u015fmelerde Suriye Arap Cumhuriyeti heyetinin ba\u015fkan\u0131 Be\u015f\u015far el Caferi, heyeti Astana\u2019ya ta\u015f\u0131yan u\u00e7a\u011f\u0131n metninde bas\u0131n toplant\u0131s\u0131 d\u00fczenledi. Her \u0130stasyonun Kendine Has \u00d6zellikleri Vard\u0131r Caferi bas\u0131n toplant\u0131s\u0131nda gazetecilerin sorular\u0131n\u0131 a\u00e7\u0131klarken, Suriye&#8217;de ulusal \u00e7\u0131karlara hizmete eden ve krizin &hellip;<\/p>\n","protected":false},"author":1,"featured_media":102361,"comment_status":"closed","ping_status":"closed","sticky":false,"template":"","format":"standard","meta":{"footnotes":""},"categories":[17988,2554,2555],"tags":[3464,1381,26914,26915,26916,2318,11549,19174,25798,19034],"class_list":["post-102360","post","type-post","status-publish","format-standard","has-post-thumbnail","","category-son-haberler","category-suriye-ve-dunya","category-suriye-ve-turkiye","tag-nusra-cephesi","tag-abd","tag-caferi-astana-gorusmelerine-olumlu-katilim-talimatlari-aldik","tag-gorusmeler-sadece-suriyeliler-arasinda-olacak","tag-iran-rusya-turkiye","tag-isid","tag-suriye-ordusu","tag-suriyede-son-durumlar","tag-suriyede-siyasi-cozum","tag-suriyeli-muhalifler"],"_links":{"self":[{"href":"https:\/\/archive.sana.sy\/tr\/index.php?rest_route=\/wp\/v2\/posts\/102360","targetHints":{"allow":["GET"]}}],"collection":[{"href":"https:\/\/archive.sana.sy\/tr\/index.php?rest_route=\/wp\/v2\/posts"}],"about":[{"href":"https:\/\/archive.sana.sy\/tr\/index.php?rest_route=\/wp\/v2\/types\/post"}],"author":[{"embeddable":true,"href":"https:\/\/archive.sana.sy\/tr\/index.php?rest_route=\/wp\/v2\/users\/1"}],"replies":[{"embeddable":true,"href":"https:\/\/archive.sana.sy\/tr\/index.php?rest_route=%2Fwp%2Fv2%2Fcomments&post=102360"}],"version-history":[{"count":0,"href":"https:\/\/archive.sana.sy\/tr\/index.php?rest_route=\/wp\/v2\/posts\/102360\/revisions"}],"wp:featuredmedia":[{"embeddable":true,"href":"https:\/\/archive.sana.sy\/tr\/index.php?rest_route=\/wp\/v2\/media\/102361"}],"wp:attachment":[{"href":"https:\/\/archive.sana.sy\/tr\/index.php?rest_route=%2Fwp%2Fv2%2Fmedia&parent=102360"}],"wp:term":[{"taxonomy":"category","embeddable":true,"href":"https:\/\/archive.sana.sy\/tr\/index.php?rest_route=%2Fwp%2Fv2%2Fcategories&post=102360"},{"taxonomy":"post_tag","embeddable":true,"href":"https:\/\/archive.sana.sy\/tr\/index.php?rest_route=%2Fwp%2Fv2%2Ftags&post=102360"}],"curies":[{"name":"wp","href":"https:\/\/api.w.org\/{rel}","templated":true}]}}