{"id":102366,"date":"2017-01-22T16:05:18","date_gmt":"2017-01-22T14:05:18","guid":{"rendered":"http:\/\/www.sana.sy\/tr\/?p=102366"},"modified":"2017-01-22T16:30:48","modified_gmt":"2017-01-22T14:30:48","slug":"kaynak-teroristlerin-selahattin-semtine-dusen-teror-fuzeleri-sonucunda-aralarinda-kucuk-bir-kiz-cocugunun-bulundugu-7-vatandasin-yaralandigini-ifade-etti","status":"publish","type":"post","link":"https:\/\/archive.sana.sy\/tr\/?p=102366","title":{"rendered":"Kaynak ter\u00f6ristlerin Selahattin Semtine d\u00fc\u015fen ter\u00f6r f\u00fczeleri sonucunda aralar\u0131nda k\u00fc\u00e7\u00fck bir k\u0131z \u00e7ocu\u011funun bulundu\u011fu 7 vatanda\u015f\u0131n yaraland\u0131\u011f\u0131n\u0131 ifade etti."},"content":{"rendered":"<p>Kaynak ter\u00f6ristlerin Selahattin Semtine d\u00fc\u015fen ter\u00f6r f\u00fczeleri sonucunda aralar\u0131nda k\u00fc\u00e7\u00fck bir k\u0131z \u00e7ocu\u011funun bulundu\u011fu 7 vatanda\u015f\u0131n yaraland\u0131\u011f\u0131n\u0131 ifade etti.<\/p>\n","protected":false},"excerpt":{"rendered":"<p>Kaynak ter\u00f6ristlerin Selahattin Semtine d\u00fc\u015fen ter\u00f6r f\u00fczeleri sonucunda aralar\u0131nda k\u00fc\u00e7\u00fck bir k\u0131z \u00e7ocu\u011funun bulundu\u011fu 7 vatanda\u015f\u0131n yaraland\u0131\u011f\u0131n\u0131 ifade etti.<\/p>\n","protected":false},"author":1,"featured_media":0,"comment_status":"closed","ping_status":"closed","sticky":false,"template":"","format":"standard","meta":{"footnotes":""},"categories":[17991],"tags":[],"class_list":["post-102366","post","type-post","status-publish","format-standard","","category-son-dakika"],"_links":{"self":[{"href":"https:\/\/archive.sana.sy\/tr\/index.php?rest_route=\/wp\/v2\/posts\/102366","targetHints":{"allow":["GET"]}}],"collection":[{"href":"https:\/\/archive.sana.sy\/tr\/index.php?rest_route=\/wp\/v2\/posts"}],"about":[{"href":"https:\/\/archive.sana.sy\/tr\/index.php?rest_route=\/wp\/v2\/types\/post"}],"author":[{"embeddable":true,"href":"https:\/\/archive.sana.sy\/tr\/index.php?rest_route=\/wp\/v2\/users\/1"}],"replies":[{"embeddable":true,"href":"https:\/\/archive.sana.sy\/tr\/index.php?rest_route=%2Fwp%2Fv2%2Fcomments&post=102366"}],"version-history":[{"count":0,"href":"https:\/\/archive.sana.sy\/tr\/index.php?rest_route=\/wp\/v2\/posts\/102366\/revisions"}],"wp:attachment":[{"href":"https:\/\/archive.sana.sy\/tr\/index.php?rest_route=%2Fwp%2Fv2%2Fmedia&parent=102366"}],"wp:term":[{"taxonomy":"category","embeddable":true,"href":"https:\/\/archive.sana.sy\/tr\/index.php?rest_route=%2Fwp%2Fv2%2Fcategories&post=102366"},{"taxonomy":"post_tag","embeddable":true,"href":"https:\/\/archive.sana.sy\/tr\/index.php?rest_route=%2Fwp%2Fv2%2Ftags&post=102366"}],"curies":[{"name":"wp","href":"https:\/\/api.w.org\/{rel}","templated":true}]}}