{"id":102388,"date":"2017-01-22T21:30:36","date_gmt":"2017-01-22T19:30:36","guid":{"rendered":"http:\/\/www.sana.sy\/tr\/?p=102388"},"modified":"2017-01-23T09:22:10","modified_gmt":"2017-01-23T07:22:10","slug":"suriye-heyeti-rus-heyetle-gorustu","status":"publish","type":"post","link":"https:\/\/archive.sana.sy\/tr\/?p=102388","title":{"rendered":"Suriye Heyeti Rus Heyetle G\u00f6r\u00fc\u015ft\u00fc"},"content":{"rendered":"<p>ASTANA \u2013 Kazakistan\u2019\u0131n ba\u015fkenti Astana\u2019da Suriyeliler aras\u0131ndaki g\u00f6r\u00fc\u015fmelerde Be\u015f\u015far el Caferi ba\u015fkanl\u0131\u011f\u0131ndaki Suriye Arap Cumhuriyeti heyeti ile Alexander Lavrentiev ba\u015fkanl\u0131\u011f\u0131ndaki Rus heyet bir araya geldi.<\/p>\n<p>SANA\u2019n\u0131n Astana muhabiri g\u00f6r\u00fc\u015fmeler g\u00fcndemi ve bu y\u00f6nde yap\u0131lan temaslar\u0131n ayr\u0131nt\u0131l\u0131 ele al\u0131nd\u0131\u011f\u0131 toplant\u0131da iki taraf\u0131n g\u00f6r\u00fc\u015f birli\u011fi kaydettiklerini aktard\u0131.<\/p>\n","protected":false},"excerpt":{"rendered":"<p>ASTANA \u2013 Kazakistan\u2019\u0131n ba\u015fkenti Astana\u2019da Suriyeliler aras\u0131ndaki g\u00f6r\u00fc\u015fmelerde Be\u015f\u015far el Caferi ba\u015fkanl\u0131\u011f\u0131ndaki Suriye Arap Cumhuriyeti heyeti ile Alexander Lavrentiev ba\u015fkanl\u0131\u011f\u0131ndaki Rus heyet bir araya geldi. SANA\u2019n\u0131n Astana muhabiri g\u00f6r\u00fc\u015fmeler g\u00fcndemi ve bu y\u00f6nde yap\u0131lan temaslar\u0131n ayr\u0131nt\u0131l\u0131 ele al\u0131nd\u0131\u011f\u0131 toplant\u0131da iki taraf\u0131n g\u00f6r\u00fc\u015f birli\u011fi kaydettiklerini aktard\u0131.<\/p>\n","protected":false},"author":1,"featured_media":102389,"comment_status":"closed","ping_status":"closed","sticky":false,"template":"","format":"standard","meta":{"footnotes":""},"categories":[458,459,17988],"tags":[26918,26338,26919,26917],"class_list":["post-102388","post","type-post","status-publish","format-standard","has-post-thumbnail","","category-dunya1","category-haberler-arap-uluslararasi-politika","category-son-haberler","tag-astanadaki-suriyeliler-arasindaki-gorusmeler","tag-kazakistanin-baskenti-astana","tag-sananin-astana-muhabiri","tag-suriye-heyeti-rus-heyetle-gorustu"],"_links":{"self":[{"href":"https:\/\/archive.sana.sy\/tr\/index.php?rest_route=\/wp\/v2\/posts\/102388","targetHints":{"allow":["GET"]}}],"collection":[{"href":"https:\/\/archive.sana.sy\/tr\/index.php?rest_route=\/wp\/v2\/posts"}],"about":[{"href":"https:\/\/archive.sana.sy\/tr\/index.php?rest_route=\/wp\/v2\/types\/post"}],"author":[{"embeddable":true,"href":"https:\/\/archive.sana.sy\/tr\/index.php?rest_route=\/wp\/v2\/users\/1"}],"replies":[{"embeddable":true,"href":"https:\/\/archive.sana.sy\/tr\/index.php?rest_route=%2Fwp%2Fv2%2Fcomments&post=102388"}],"version-history":[{"count":0,"href":"https:\/\/archive.sana.sy\/tr\/index.php?rest_route=\/wp\/v2\/posts\/102388\/revisions"}],"wp:featuredmedia":[{"embeddable":true,"href":"https:\/\/archive.sana.sy\/tr\/index.php?rest_route=\/wp\/v2\/media\/102389"}],"wp:attachment":[{"href":"https:\/\/archive.sana.sy\/tr\/index.php?rest_route=%2Fwp%2Fv2%2Fmedia&parent=102388"}],"wp:term":[{"taxonomy":"category","embeddable":true,"href":"https:\/\/archive.sana.sy\/tr\/index.php?rest_route=%2Fwp%2Fv2%2Fcategories&post=102388"},{"taxonomy":"post_tag","embeddable":true,"href":"https:\/\/archive.sana.sy\/tr\/index.php?rest_route=%2Fwp%2Fv2%2Ftags&post=102388"}],"curies":[{"name":"wp","href":"https:\/\/api.w.org\/{rel}","templated":true}]}}