{"id":102394,"date":"2017-01-23T08:37:55","date_gmt":"2017-01-23T06:37:55","guid":{"rendered":"http:\/\/www.sana.sy\/tr\/?p=102394"},"modified":"2017-01-23T08:37:55","modified_gmt":"2017-01-23T06:37:55","slug":"suriye-arap-cumhuriyetinin-astana-heyeti-bm-suriye-ozel-temsilcisi-staffan-de-mistura-ile-gorusuyor","status":"publish","type":"post","link":"https:\/\/archive.sana.sy\/tr\/?p=102394","title":{"rendered":"Suriye Arap Cumhuriyetinin Astana heyeti BM Suriye \u00d6zel Temsilcisi  Staffan de Mistura ile g\u00f6r\u00fc\u015f\u00fcyor"},"content":{"rendered":"<p>Suriye Arap Cumhuriyetinin Astana heyeti BM Suriye \u00d6zel Temsilcisi Staffan de Mistura ile g\u00f6r\u00fc\u015f\u00fcyor<\/p>\n","protected":false},"excerpt":{"rendered":"<p>Suriye Arap Cumhuriyetinin Astana heyeti BM Suriye \u00d6zel Temsilcisi Staffan de Mistura ile g\u00f6r\u00fc\u015f\u00fcyor<\/p>\n","protected":false},"author":1,"featured_media":0,"comment_status":"closed","ping_status":"closed","sticky":false,"template":"","format":"standard","meta":{"footnotes":""},"categories":[17991],"tags":[],"class_list":["post-102394","post","type-post","status-publish","format-standard","","category-son-dakika"],"_links":{"self":[{"href":"https:\/\/archive.sana.sy\/tr\/index.php?rest_route=\/wp\/v2\/posts\/102394","targetHints":{"allow":["GET"]}}],"collection":[{"href":"https:\/\/archive.sana.sy\/tr\/index.php?rest_route=\/wp\/v2\/posts"}],"about":[{"href":"https:\/\/archive.sana.sy\/tr\/index.php?rest_route=\/wp\/v2\/types\/post"}],"author":[{"embeddable":true,"href":"https:\/\/archive.sana.sy\/tr\/index.php?rest_route=\/wp\/v2\/users\/1"}],"replies":[{"embeddable":true,"href":"https:\/\/archive.sana.sy\/tr\/index.php?rest_route=%2Fwp%2Fv2%2Fcomments&post=102394"}],"version-history":[{"count":0,"href":"https:\/\/archive.sana.sy\/tr\/index.php?rest_route=\/wp\/v2\/posts\/102394\/revisions"}],"wp:attachment":[{"href":"https:\/\/archive.sana.sy\/tr\/index.php?rest_route=%2Fwp%2Fv2%2Fmedia&parent=102394"}],"wp:term":[{"taxonomy":"category","embeddable":true,"href":"https:\/\/archive.sana.sy\/tr\/index.php?rest_route=%2Fwp%2Fv2%2Fcategories&post=102394"},{"taxonomy":"post_tag","embeddable":true,"href":"https:\/\/archive.sana.sy\/tr\/index.php?rest_route=%2Fwp%2Fv2%2Ftags&post=102394"}],"curies":[{"name":"wp","href":"https:\/\/api.w.org\/{rel}","templated":true}]}}