{"id":102407,"date":"2017-01-23T09:47:14","date_gmt":"2017-01-23T07:47:14","guid":{"rendered":"http:\/\/www.sana.sy\/tr\/?p=102407"},"modified":"2017-01-23T09:47:14","modified_gmt":"2017-01-23T07:47:14","slug":"sananin-astana-muhabiri-suriyede-cozume-iliskin-astana-toplantisi-suriye-arap-cumhuriyeti-heyeti-ve-diger-heyetlerin-katilimiyla-basladi","status":"publish","type":"post","link":"https:\/\/archive.sana.sy\/tr\/?p=102407","title":{"rendered":"SANA\u2019n\u0131n Astana Muhabiri: Suriye\u2019de \u00e7\u00f6z\u00fcme ili\u015fkin Astana toplant\u0131s\u0131 Suriye Arap Cumhuriyeti heyeti ve di\u011fer heyetlerin kat\u0131l\u0131m\u0131yla ba\u015flad\u0131"},"content":{"rendered":"<p>SANA\u2019n\u0131n Astana Muhabiri: Suriye\u2019de \u00e7\u00f6z\u00fcme ili\u015fkin Astana toplant\u0131s\u0131 Suriye Arap Cumhuriyeti heyeti ve di\u011fer heyetlerin kat\u0131l\u0131m\u0131yla ba\u015flad\u0131<\/p>\n","protected":false},"excerpt":{"rendered":"<p>SANA\u2019n\u0131n Astana Muhabiri: Suriye\u2019de \u00e7\u00f6z\u00fcme ili\u015fkin Astana toplant\u0131s\u0131 Suriye Arap Cumhuriyeti heyeti ve di\u011fer heyetlerin kat\u0131l\u0131m\u0131yla ba\u015flad\u0131<\/p>\n","protected":false},"author":1,"featured_media":0,"comment_status":"closed","ping_status":"closed","sticky":false,"template":"","format":"standard","meta":{"footnotes":""},"categories":[17991],"tags":[],"class_list":["post-102407","post","type-post","status-publish","format-standard","","category-son-dakika"],"_links":{"self":[{"href":"https:\/\/archive.sana.sy\/tr\/index.php?rest_route=\/wp\/v2\/posts\/102407","targetHints":{"allow":["GET"]}}],"collection":[{"href":"https:\/\/archive.sana.sy\/tr\/index.php?rest_route=\/wp\/v2\/posts"}],"about":[{"href":"https:\/\/archive.sana.sy\/tr\/index.php?rest_route=\/wp\/v2\/types\/post"}],"author":[{"embeddable":true,"href":"https:\/\/archive.sana.sy\/tr\/index.php?rest_route=\/wp\/v2\/users\/1"}],"replies":[{"embeddable":true,"href":"https:\/\/archive.sana.sy\/tr\/index.php?rest_route=%2Fwp%2Fv2%2Fcomments&post=102407"}],"version-history":[{"count":0,"href":"https:\/\/archive.sana.sy\/tr\/index.php?rest_route=\/wp\/v2\/posts\/102407\/revisions"}],"wp:attachment":[{"href":"https:\/\/archive.sana.sy\/tr\/index.php?rest_route=%2Fwp%2Fv2%2Fmedia&parent=102407"}],"wp:term":[{"taxonomy":"category","embeddable":true,"href":"https:\/\/archive.sana.sy\/tr\/index.php?rest_route=%2Fwp%2Fv2%2Fcategories&post=102407"},{"taxonomy":"post_tag","embeddable":true,"href":"https:\/\/archive.sana.sy\/tr\/index.php?rest_route=%2Fwp%2Fv2%2Ftags&post=102407"}],"curies":[{"name":"wp","href":"https:\/\/api.w.org\/{rel}","templated":true}]}}