{"id":102445,"date":"2017-01-23T11:32:56","date_gmt":"2017-01-23T09:32:56","guid":{"rendered":"http:\/\/www.sana.sy\/tr\/?p=102445"},"modified":"2017-01-23T11:32:56","modified_gmt":"2017-01-23T09:32:56","slug":"ceferi-ayni-zamanda-halkimizin-da-talebi-olan-terorle-mucadelede-cabalarimizi-birlestirmeyi-umuyoruz-bunun-basariya-ulasmasi-da-teror-kaynaklarinin-kurutulmasi-amaciyla-suriye-turkiye-sinirinin-ka","status":"publish","type":"post","link":"https:\/\/archive.sana.sy\/tr\/?p=102445","title":{"rendered":"Ceferi: Ayn\u0131 zamanda halk\u0131m\u0131z\u0131n da talebi olan  ter\u00f6rle m\u00fccadelede \u00e7abalar\u0131m\u0131z\u0131 birle\u015ftirmeyi umuyoruz. Bunun ba\u015far\u0131ya ula\u015fmas\u0131 da ter\u00f6r kaynaklar\u0131n\u0131n kurutulmas\u0131 amac\u0131yla Suriye- T\u00fcrkiye s\u0131n\u0131r\u0131n\u0131n kapat\u0131lmas\u0131na ba\u011fl\u0131. B\u00f6ylece Suriyelilerin geni\u015f kat\u0131l\u0131m\u0131yla sava\u015fa siyasi \u00e7\u00f6z\u00fcm bulman\u0131n  \u00f6n\u00fcn\u00fc a\u00e7m\u0131\u015f olaca\u011f\u0131z"},"content":{"rendered":"<p>Ceferi: Ayn\u0131 zamanda halk\u0131m\u0131z\u0131n da talebi olan ter\u00f6rle m\u00fccadelede \u00e7abalar\u0131m\u0131z\u0131 birle\u015ftirmeyi umuyoruz. Bunun ba\u015far\u0131ya ula\u015fmas\u0131 da ter\u00f6r kaynaklar\u0131n\u0131n kurutulmas\u0131 amac\u0131yla Suriye- T\u00fcrkiye s\u0131n\u0131r\u0131n\u0131n kapat\u0131lmas\u0131na ba\u011fl\u0131. B\u00f6ylece Suriyelilerin geni\u015f kat\u0131l\u0131m\u0131yla sava\u015fa siyasi \u00e7\u00f6z\u00fcm bulman\u0131n \u00f6n\u00fcn\u00fc a\u00e7m\u0131\u015f olaca\u011f\u0131z<\/p>\n","protected":false},"excerpt":{"rendered":"<p>Ceferi: Ayn\u0131 zamanda halk\u0131m\u0131z\u0131n da talebi olan ter\u00f6rle m\u00fccadelede \u00e7abalar\u0131m\u0131z\u0131 birle\u015ftirmeyi umuyoruz. Bunun ba\u015far\u0131ya ula\u015fmas\u0131 da ter\u00f6r kaynaklar\u0131n\u0131n kurutulmas\u0131 amac\u0131yla Suriye- T\u00fcrkiye s\u0131n\u0131r\u0131n\u0131n kapat\u0131lmas\u0131na ba\u011fl\u0131. B\u00f6ylece Suriyelilerin geni\u015f kat\u0131l\u0131m\u0131yla sava\u015fa siyasi \u00e7\u00f6z\u00fcm bulman\u0131n \u00f6n\u00fcn\u00fc a\u00e7m\u0131\u015f olaca\u011f\u0131z<\/p>\n","protected":false},"author":1,"featured_media":0,"comment_status":"closed","ping_status":"closed","sticky":false,"template":"","format":"standard","meta":{"footnotes":""},"categories":[17991],"tags":[],"class_list":["post-102445","post","type-post","status-publish","format-standard","","category-son-dakika"],"_links":{"self":[{"href":"https:\/\/archive.sana.sy\/tr\/index.php?rest_route=\/wp\/v2\/posts\/102445","targetHints":{"allow":["GET"]}}],"collection":[{"href":"https:\/\/archive.sana.sy\/tr\/index.php?rest_route=\/wp\/v2\/posts"}],"about":[{"href":"https:\/\/archive.sana.sy\/tr\/index.php?rest_route=\/wp\/v2\/types\/post"}],"author":[{"embeddable":true,"href":"https:\/\/archive.sana.sy\/tr\/index.php?rest_route=\/wp\/v2\/users\/1"}],"replies":[{"embeddable":true,"href":"https:\/\/archive.sana.sy\/tr\/index.php?rest_route=%2Fwp%2Fv2%2Fcomments&post=102445"}],"version-history":[{"count":0,"href":"https:\/\/archive.sana.sy\/tr\/index.php?rest_route=\/wp\/v2\/posts\/102445\/revisions"}],"wp:attachment":[{"href":"https:\/\/archive.sana.sy\/tr\/index.php?rest_route=%2Fwp%2Fv2%2Fmedia&parent=102445"}],"wp:term":[{"taxonomy":"category","embeddable":true,"href":"https:\/\/archive.sana.sy\/tr\/index.php?rest_route=%2Fwp%2Fv2%2Fcategories&post=102445"},{"taxonomy":"post_tag","embeddable":true,"href":"https:\/\/archive.sana.sy\/tr\/index.php?rest_route=%2Fwp%2Fv2%2Ftags&post=102445"}],"curies":[{"name":"wp","href":"https:\/\/api.w.org\/{rel}","templated":true}]}}