{"id":102496,"date":"2017-01-23T12:19:56","date_gmt":"2017-01-23T10:19:56","guid":{"rendered":"http:\/\/www.sana.sy\/tr\/?p=102496"},"modified":"2017-01-23T13:30:52","modified_gmt":"2017-01-23T11:30:52","slug":"caferi-astana-gorusmelerini-suriye-ve-halkina-yonelik-yurutulen-savasin-sonlandirilmasinda-onemli-gorusmeler-olarak-nitelendirdi","status":"publish","type":"post","link":"https:\/\/archive.sana.sy\/tr\/?p=102496","title":{"rendered":"Caferi Astana g\u00f6r\u00fc\u015fmelerini, Suriye ve halk\u0131na y\u00f6nelik y\u00fcr\u00fct\u00fclen sava\u015f\u0131n sonland\u0131r\u0131lmas\u0131nda \u00f6nemli g\u00f6r\u00fc\u015fmeler olarak nitelendirdi."},"content":{"rendered":"<p>Caferi Astana g\u00f6r\u00fc\u015fmelerini, Suriye ve halk\u0131na y\u00f6nelik y\u00fcr\u00fct\u00fclen sava\u015f\u0131n sonland\u0131r\u0131lmas\u0131nda \u00f6nemli g\u00f6r\u00fc\u015fmeler olarak nitelendirdi.<\/p>\n","protected":false},"excerpt":{"rendered":"<p>Caferi Astana g\u00f6r\u00fc\u015fmelerini, Suriye ve halk\u0131na y\u00f6nelik y\u00fcr\u00fct\u00fclen sava\u015f\u0131n sonland\u0131r\u0131lmas\u0131nda \u00f6nemli g\u00f6r\u00fc\u015fmeler olarak nitelendirdi.<\/p>\n","protected":false},"author":1,"featured_media":0,"comment_status":"closed","ping_status":"closed","sticky":false,"template":"","format":"standard","meta":{"footnotes":""},"categories":[17991],"tags":[],"class_list":["post-102496","post","type-post","status-publish","format-standard","","category-son-dakika"],"_links":{"self":[{"href":"https:\/\/archive.sana.sy\/tr\/index.php?rest_route=\/wp\/v2\/posts\/102496","targetHints":{"allow":["GET"]}}],"collection":[{"href":"https:\/\/archive.sana.sy\/tr\/index.php?rest_route=\/wp\/v2\/posts"}],"about":[{"href":"https:\/\/archive.sana.sy\/tr\/index.php?rest_route=\/wp\/v2\/types\/post"}],"author":[{"embeddable":true,"href":"https:\/\/archive.sana.sy\/tr\/index.php?rest_route=\/wp\/v2\/users\/1"}],"replies":[{"embeddable":true,"href":"https:\/\/archive.sana.sy\/tr\/index.php?rest_route=%2Fwp%2Fv2%2Fcomments&post=102496"}],"version-history":[{"count":0,"href":"https:\/\/archive.sana.sy\/tr\/index.php?rest_route=\/wp\/v2\/posts\/102496\/revisions"}],"wp:attachment":[{"href":"https:\/\/archive.sana.sy\/tr\/index.php?rest_route=%2Fwp%2Fv2%2Fmedia&parent=102496"}],"wp:term":[{"taxonomy":"category","embeddable":true,"href":"https:\/\/archive.sana.sy\/tr\/index.php?rest_route=%2Fwp%2Fv2%2Fcategories&post=102496"},{"taxonomy":"post_tag","embeddable":true,"href":"https:\/\/archive.sana.sy\/tr\/index.php?rest_route=%2Fwp%2Fv2%2Ftags&post=102496"}],"curies":[{"name":"wp","href":"https:\/\/api.w.org\/{rel}","templated":true}]}}