{"id":102501,"date":"2017-01-23T12:24:34","date_gmt":"2017-01-23T10:24:34","guid":{"rendered":"http:\/\/www.sana.sy\/tr\/?p=102501"},"modified":"2017-01-23T13:31:58","modified_gmt":"2017-01-23T11:31:58","slug":"caferi-astana-gorusmelerine-katilan-teror-orgutleri-heyetinin-diplomatik-profesyonellikten-uzak-olmasinin-yaninda-isverenleri-tarafindan-kotuye-kullanilmasinin-astana-gorusmelerini-sabote-etmekle-bir","status":"publish","type":"post","link":"https:\/\/archive.sana.sy\/tr\/?p=102501","title":{"rendered":"Caferi Astana g\u00f6r\u00fc\u015fmelerine kat\u0131lan ter\u00f6r \u00f6rg\u00fctleri heyetinin diplomatik profesyonellikten uzak olmas\u0131n\u0131n yan\u0131nda i\u015fverenleri taraf\u0131ndan k\u00f6t\u00fcye kullan\u0131lmas\u0131n\u0131n, Astana g\u00f6r\u00fc\u015fmelerini sabote etmekle birlikte Suriye halk\u0131na yard\u0131m etme ve bu halka y\u00f6nelik sava\u015fa son vermede uluslar aras\u0131 \u00e7abalar\u0131 \u00e7\u00f6kertme amac\u0131 ta\u015f\u0131d\u0131\u011f\u0131na vurgu yapt\u0131."},"content":{"rendered":"<p>Caferi Astana g\u00f6r\u00fc\u015fmelerine kat\u0131lan ter\u00f6r \u00f6rg\u00fctleri heyetinin diplomatik profesyonellikten uzak olmas\u0131n\u0131n yan\u0131nda i\u015fverenleri taraf\u0131ndan k\u00f6t\u00fcye kullan\u0131lmas\u0131n\u0131n, Astana g\u00f6r\u00fc\u015fmelerini sabote etmekle birlikte Suriye halk\u0131na yard\u0131m etme ve bu halka y\u00f6nelik sava\u015fa son vermede uluslar aras\u0131 \u00e7abalar\u0131 \u00e7\u00f6kertme amac\u0131 ta\u015f\u0131d\u0131\u011f\u0131na vurgu yapt\u0131.<\/p>\n","protected":false},"excerpt":{"rendered":"<p>Caferi Astana g\u00f6r\u00fc\u015fmelerine kat\u0131lan ter\u00f6r \u00f6rg\u00fctleri heyetinin diplomatik profesyonellikten uzak olmas\u0131n\u0131n yan\u0131nda i\u015fverenleri taraf\u0131ndan k\u00f6t\u00fcye kullan\u0131lmas\u0131n\u0131n, Astana g\u00f6r\u00fc\u015fmelerini sabote etmekle birlikte Suriye halk\u0131na yard\u0131m etme ve bu halka y\u00f6nelik sava\u015fa son vermede uluslar aras\u0131 \u00e7abalar\u0131 \u00e7\u00f6kertme amac\u0131 ta\u015f\u0131d\u0131\u011f\u0131na vurgu yapt\u0131.<\/p>\n","protected":false},"author":1,"featured_media":0,"comment_status":"closed","ping_status":"closed","sticky":false,"template":"","format":"standard","meta":{"footnotes":""},"categories":[17991],"tags":[],"class_list":["post-102501","post","type-post","status-publish","format-standard","","category-son-dakika"],"_links":{"self":[{"href":"https:\/\/archive.sana.sy\/tr\/index.php?rest_route=\/wp\/v2\/posts\/102501","targetHints":{"allow":["GET"]}}],"collection":[{"href":"https:\/\/archive.sana.sy\/tr\/index.php?rest_route=\/wp\/v2\/posts"}],"about":[{"href":"https:\/\/archive.sana.sy\/tr\/index.php?rest_route=\/wp\/v2\/types\/post"}],"author":[{"embeddable":true,"href":"https:\/\/archive.sana.sy\/tr\/index.php?rest_route=\/wp\/v2\/users\/1"}],"replies":[{"embeddable":true,"href":"https:\/\/archive.sana.sy\/tr\/index.php?rest_route=%2Fwp%2Fv2%2Fcomments&post=102501"}],"version-history":[{"count":0,"href":"https:\/\/archive.sana.sy\/tr\/index.php?rest_route=\/wp\/v2\/posts\/102501\/revisions"}],"wp:attachment":[{"href":"https:\/\/archive.sana.sy\/tr\/index.php?rest_route=%2Fwp%2Fv2%2Fmedia&parent=102501"}],"wp:term":[{"taxonomy":"category","embeddable":true,"href":"https:\/\/archive.sana.sy\/tr\/index.php?rest_route=%2Fwp%2Fv2%2Fcategories&post=102501"},{"taxonomy":"post_tag","embeddable":true,"href":"https:\/\/archive.sana.sy\/tr\/index.php?rest_route=%2Fwp%2Fv2%2Ftags&post=102501"}],"curies":[{"name":"wp","href":"https:\/\/api.w.org\/{rel}","templated":true}]}}