{"id":102506,"date":"2017-01-23T12:37:12","date_gmt":"2017-01-23T10:37:12","guid":{"rendered":"http:\/\/www.sana.sy\/tr\/?p=102506"},"modified":"2017-01-23T13:32:59","modified_gmt":"2017-01-23T11:32:59","slug":"basin-toplantisinda-caferi-gorusmelere-katilan-teror-orgutleri-heyeti-baskaninin-acilis-oturumunda-yaptigi-konusmanin-diplomatik-liyakatten-uzak-olup-toplanti-gundeminden-tamamen-saptigini-belirtti","status":"publish","type":"post","link":"https:\/\/archive.sana.sy\/tr\/?p=102506","title":{"rendered":"Bas\u0131n toplant\u0131s\u0131nda Caferi; g\u00f6r\u00fc\u015fmelere kat\u0131lan ter\u00f6r \u00f6rg\u00fctleri heyeti ba\u015fkan\u0131n\u0131n a\u00e7\u0131l\u0131\u015f oturumunda yapt\u0131\u011f\u0131 konu\u015fman\u0131n diplomatik liyakatten uzak olup toplant\u0131 g\u00fcndeminden tamamen sapt\u0131\u011f\u0131n\u0131 belirtti."},"content":{"rendered":"<p>Bas\u0131n toplant\u0131s\u0131nda Caferi; g\u00f6r\u00fc\u015fmelere kat\u0131lan ter\u00f6r \u00f6rg\u00fctleri heyeti ba\u015fkan\u0131n\u0131n a\u00e7\u0131l\u0131\u015f oturumunda yapt\u0131\u011f\u0131 konu\u015fman\u0131n diplomatik liyakatten uzak olup toplant\u0131 g\u00fcndeminden tamamen sapt\u0131\u011f\u0131n\u0131 belirtti.<\/p>\n","protected":false},"excerpt":{"rendered":"<p>Bas\u0131n toplant\u0131s\u0131nda Caferi; g\u00f6r\u00fc\u015fmelere kat\u0131lan ter\u00f6r \u00f6rg\u00fctleri heyeti ba\u015fkan\u0131n\u0131n a\u00e7\u0131l\u0131\u015f oturumunda yapt\u0131\u011f\u0131 konu\u015fman\u0131n diplomatik liyakatten uzak olup toplant\u0131 g\u00fcndeminden tamamen sapt\u0131\u011f\u0131n\u0131 belirtti.<\/p>\n","protected":false},"author":1,"featured_media":0,"comment_status":"closed","ping_status":"closed","sticky":false,"template":"","format":"standard","meta":{"footnotes":""},"categories":[17991],"tags":[],"class_list":["post-102506","post","type-post","status-publish","format-standard","","category-son-dakika"],"_links":{"self":[{"href":"https:\/\/archive.sana.sy\/tr\/index.php?rest_route=\/wp\/v2\/posts\/102506","targetHints":{"allow":["GET"]}}],"collection":[{"href":"https:\/\/archive.sana.sy\/tr\/index.php?rest_route=\/wp\/v2\/posts"}],"about":[{"href":"https:\/\/archive.sana.sy\/tr\/index.php?rest_route=\/wp\/v2\/types\/post"}],"author":[{"embeddable":true,"href":"https:\/\/archive.sana.sy\/tr\/index.php?rest_route=\/wp\/v2\/users\/1"}],"replies":[{"embeddable":true,"href":"https:\/\/archive.sana.sy\/tr\/index.php?rest_route=%2Fwp%2Fv2%2Fcomments&post=102506"}],"version-history":[{"count":0,"href":"https:\/\/archive.sana.sy\/tr\/index.php?rest_route=\/wp\/v2\/posts\/102506\/revisions"}],"wp:attachment":[{"href":"https:\/\/archive.sana.sy\/tr\/index.php?rest_route=%2Fwp%2Fv2%2Fmedia&parent=102506"}],"wp:term":[{"taxonomy":"category","embeddable":true,"href":"https:\/\/archive.sana.sy\/tr\/index.php?rest_route=%2Fwp%2Fv2%2Fcategories&post=102506"},{"taxonomy":"post_tag","embeddable":true,"href":"https:\/\/archive.sana.sy\/tr\/index.php?rest_route=%2Fwp%2Fv2%2Ftags&post=102506"}],"curies":[{"name":"wp","href":"https:\/\/api.w.org\/{rel}","templated":true}]}}