{"id":102518,"date":"2017-01-23T15:43:43","date_gmt":"2017-01-23T13:43:43","guid":{"rendered":"http:\/\/www.sana.sy\/tr\/?p=102518"},"modified":"2017-01-23T15:43:43","modified_gmt":"2017-01-23T13:43:43","slug":"sananin-astana-delegesi-astana-gorusmelerinde-suriye-cumhuriyeti-heyetinin-aracisinin-rusya-oldugunu-teror-orgutleri-heyetinin-aracisinin-ise-turkiye-rejimi-oldugunu-aktarirken-bunun-sadec","status":"publish","type":"post","link":"https:\/\/archive.sana.sy\/tr\/?p=102518","title":{"rendered":"SANA\u2019n\u0131n Astana delegesi; Astana g\u00f6r\u00fc\u015fmelerinde Suriye Cumhuriyeti heyetinin arac\u0131s\u0131n\u0131n Rusya oldu\u011funu, ter\u00f6r \u00f6rg\u00fctleri heyetinin arac\u0131s\u0131n\u0131n ise T\u00fcrkiye rejimi oldu\u011funu aktar\u0131rken, bunun sadece askeri toplant\u0131lar i\u00e7in ge\u00e7erli oldu\u011funa dikkat \u00e7ekti"},"content":{"rendered":"<p>SANA\u2019n\u0131n Astana delegesi; Astana g\u00f6r\u00fc\u015fmelerinde Suriye Cumhuriyeti heyetinin arac\u0131s\u0131n\u0131n Rusya oldu\u011funu, ter\u00f6r \u00f6rg\u00fctleri heyetinin arac\u0131s\u0131n\u0131n ise T\u00fcrkiye rejimi oldu\u011funu aktar\u0131rken, bunun sadece askeri toplant\u0131lar i\u00e7in ge\u00e7erli oldu\u011funa dikkat \u00e7ekti<\/p>\n","protected":false},"excerpt":{"rendered":"<p>SANA\u2019n\u0131n Astana delegesi; Astana g\u00f6r\u00fc\u015fmelerinde Suriye Cumhuriyeti heyetinin arac\u0131s\u0131n\u0131n Rusya oldu\u011funu, ter\u00f6r \u00f6rg\u00fctleri heyetinin arac\u0131s\u0131n\u0131n ise T\u00fcrkiye rejimi oldu\u011funu aktar\u0131rken, bunun sadece askeri toplant\u0131lar i\u00e7in ge\u00e7erli oldu\u011funa dikkat \u00e7ekti<\/p>\n","protected":false},"author":1,"featured_media":0,"comment_status":"closed","ping_status":"closed","sticky":false,"template":"","format":"standard","meta":{"footnotes":""},"categories":[17991],"tags":[],"class_list":["post-102518","post","type-post","status-publish","format-standard","","category-son-dakika"],"_links":{"self":[{"href":"https:\/\/archive.sana.sy\/tr\/index.php?rest_route=\/wp\/v2\/posts\/102518","targetHints":{"allow":["GET"]}}],"collection":[{"href":"https:\/\/archive.sana.sy\/tr\/index.php?rest_route=\/wp\/v2\/posts"}],"about":[{"href":"https:\/\/archive.sana.sy\/tr\/index.php?rest_route=\/wp\/v2\/types\/post"}],"author":[{"embeddable":true,"href":"https:\/\/archive.sana.sy\/tr\/index.php?rest_route=\/wp\/v2\/users\/1"}],"replies":[{"embeddable":true,"href":"https:\/\/archive.sana.sy\/tr\/index.php?rest_route=%2Fwp%2Fv2%2Fcomments&post=102518"}],"version-history":[{"count":0,"href":"https:\/\/archive.sana.sy\/tr\/index.php?rest_route=\/wp\/v2\/posts\/102518\/revisions"}],"wp:attachment":[{"href":"https:\/\/archive.sana.sy\/tr\/index.php?rest_route=%2Fwp%2Fv2%2Fmedia&parent=102518"}],"wp:term":[{"taxonomy":"category","embeddable":true,"href":"https:\/\/archive.sana.sy\/tr\/index.php?rest_route=%2Fwp%2Fv2%2Fcategories&post=102518"},{"taxonomy":"post_tag","embeddable":true,"href":"https:\/\/archive.sana.sy\/tr\/index.php?rest_route=%2Fwp%2Fv2%2Ftags&post=102518"}],"curies":[{"name":"wp","href":"https:\/\/api.w.org\/{rel}","templated":true}]}}