{"id":10256,"date":"2014-09-17T23:59:57","date_gmt":"2014-09-17T20:59:57","guid":{"rendered":"http:\/\/www.sana.sy\/tr\/?p=10256"},"modified":"2014-09-18T13:17:46","modified_gmt":"2014-09-18T10:17:46","slug":"teroristler-inlerinde-ve-bulunduklari-her-yerde-bertaraf-ediliyorlar","status":"publish","type":"post","link":"https:\/\/archive.sana.sy\/tr\/?p=10256","title":{"rendered":"Ter\u00f6ristler \u0130nlerinde ve Bulunduklar\u0131 Her Yerde Bertaraf Ediliyorlar"},"content":{"rendered":"<p>\u0130LLER \u2013 Kahraman ordu birliklerimiz silahl\u0131 ter\u00f6r gruplar\u0131n\u0131 eleba\u015flar\u0131yla birlikte, kendi inlerinde ve bulunduklar\u0131 her yerde bertaraf etmeye devam ediyor.<\/p>\n<p><span style=\"color: #0000ff\">\u015eam K\u0131rsal\u0131nda Bir\u00e7ok Ter\u00f6r Grubu ve Yuvas\u0131 Tamamen Yok Edildi<\/span><\/p>\n<p>Askeri bir kaynak kahraman birliklerimizin \u015eam K\u0131rsal\u0131n\u0131n Dehhaniye, Covbar, Do\u011fu \u011euta, Vadi Ayn Terma, Hatitat el Cer\u015f, Mleyha, Ne\u015fabiye ve Duma b\u00f6lgelerinde d\u00fczenledikleri operasyonlar kapsam\u0131nda onlarca ter\u00f6risti eleba\u015flar\u0131yla birlikte \u00f6l\u00fc ve yaral\u0131 olarak ele ge\u00e7irdiklerini dile getirdi.<\/p>\n<p>Operasyonlarda bir\u00e7ok ter\u00f6r grubunun ve yuvas\u0131n\u0131n tamamen yok edildi\u011fine dikkat \u00e7eken kaynak; ayr\u0131ca ter\u00f6ristlere ait aralar\u0131nda a\u011f\u0131r nitelikli silahlar da bulunan b\u00fcy\u00fck miktarda silah ve m\u00fchimmat\u0131n imha edildi\u011fini ekledi.<\/p>\n<p>Cobar Cephesinden g\u00f6r\u00fcnt\u00fcler&#8230;<\/p>\n<div style=\"width: 618px;\" class=\"wp-video\"><!--[if lt IE 9]><script>document.createElement('video');<\/script><![endif]-->\n<video class=\"wp-video-shortcode\" id=\"video-10256-1\" width=\"618\" height=\"348\" preload=\"metadata\" controls=\"controls\"><source type=\"video\/x-flv\" src=\"http:\/\/www.sana.sy\/tr\/wp-content\/uploads\/2014\/09\/Cobar5.flv?_=1\" \/><a href=\"http:\/\/www.sana.sy\/tr\/wp-content\/uploads\/2014\/09\/Cobar5.flv\">http:\/\/www.sana.sy\/tr\/wp-content\/uploads\/2014\/09\/Cobar5.flv<\/a><\/video><\/div>\n<p><span style=\"color: #0000ff\">Deyrezzor\u2019da Ter\u00f6ristlere B\u00fcy\u00fck Be\u015feri ve Lojistik Kay\u0131plar Verdirildi<\/span><\/p>\n<p>Askeri bir kaynak kahraman bir birli\u011fimizin Deyrezzor kentinin Cebeliye semtinde\u201cIrak ve \u015eam\u2019da \u0130slam Devleti\u201d (I\u015e\u0130D) ter\u00f6r grubuna ait bir ter\u00f6r yuvas\u0131n\u0131, i\u00e7inde bulunan ter\u00f6ristlerle birlikte tamamen yok etti\u011fini dile getirdi.<\/p>\n<p>Ayr\u0131ca Deyrezzor Valili\u011finde yetkili bir kaynak di\u011fer bir birli\u011fimizin de Deyrezzor K\u0131rsal\u0131n\u0131n Muhsin Beldesinde bulunan bir\u00e7ok ter\u00f6r \u00f6be\u011fine y\u00f6nelik ba\u015far\u0131l\u0131 operasyonlar d\u00fczenledi\u011fini ifade ederek operasyonlar kapsam\u0131nda ter\u00f6ristlere b\u00fcy\u00fck be\u015feri ve lojistik kay\u0131p verdirildi\u011finin alt\u0131n\u0131 \u00e7izdi.<\/p>\n<p><span style=\"color: #0000ff\">Halep\u2019te G\u00fcvenli B\u00f6lgelere S\u0131zmalar\u0131 \u00d6nlendi<\/span><\/p>\n<p>Halep Kenti ve K\u0131rsal\u0131nda operasyonlar\u0131n s\u00fcrd\u00fc\u011f\u00fcne i\u015faret eden kaynak; Ramuse-Ammariye bulvar\u0131nda bulunan askeri bir tefti\u015f noktas\u0131na sald\u0131rmaya \u00e7al\u0131\u015fan silahl\u0131 bir ter\u00f6r grubunun bertaraf edildi\u011fini belirtti.<\/p>\n<p>Halep ve K\u0131rsal\u0131n\u0131n Meskene, S\u00fckkari, Bi\u015fkateyn, Had\u0131r, Baket, Buaydin Bulvar\u0131, Seyf el Devle ve Leyrmun b\u00f6lgelerinde bir\u00e7ok ter\u00f6r yuvas\u0131n\u0131n yerle bir edildi\u011fine dikkat \u00e7eken kaynak; ayr\u0131ca buralarda ter\u00f6ristlere ait b\u00fcy\u00fck miktarda silah ve m\u00fchimmat\u0131n imha edildi\u011fini aktard\u0131.<\/p>\n<p>Hreytan, Kabtan el Cebel, Cebel ve Mansura b\u00f6lgelerinde ter\u00f6ristlere ait ara\u00e7 konvoylar\u0131n\u0131n; silah-m\u00fchimmat ve ter\u00f6ristleriyle birlikte yok edildi\u011finin alt\u0131n\u0131 \u00e7izen kaynak; Deyr Hafer b\u00f6lgesine Ba\u011fl\u0131 el Akvas, Ammariye, Han el Asel, Kefer Hamra ve Meyser b\u00f6lge-semtlerinde d\u00fczenlenen operasyonlarda onlarca ter\u00f6ristin \u00f6l\u00fc ve yaral\u0131 olarak ele ge\u00e7irildi\u011fini beyan etti.<\/p>\n<p><span style=\"color: #0000ff\">Homs K\u0131rsal\u0131nda Ter\u00f6ristlere Ait Ara\u00e7 Konvoyu Yok Edildi<\/span><\/p>\n<p>Kahraman birliklerimizin Homs\u2019ta Zaafarane- Ayn H\u00fcseyin yolu \u00fczerinde ter\u00f6ristlere ait bir ara\u00e7 konvoyunu tamamen yok etti\u011fini dile getiren kaynak; el Harab k\u00f6pr\u00fcs\u00fcnden Besatin el Vaar y\u00f6n\u00fcnde giden ve askeri bir teftin noktas\u0131na sald\u0131r\u0131 haz\u0131rl\u0131\u011f\u0131nda olan a\u011f\u0131r makineli silahlarla donat\u0131lm\u0131\u015f 3 arac\u0131n, i\u00e7indeki ter\u00f6ristlerle birlikte imha edildi\u011fini belirtti.<\/p>\n<p>Um el Riy\u015f b\u00f6lgesinde bulunan askeri bir tefti\u015f noktas\u0131na sald\u0131rmaya \u00e7al\u0131\u015fan silahl\u0131 bir ter\u00f6r grubuyla kahraman birliklerimiz aras\u0131nda \u015fiddetli \u00e7at\u0131\u015fmalar meydana geldi\u011fine de\u011finen kaynak; \u00e7at\u0131\u015fmada ter\u00f6r grubunun b\u00fct\u00fcn \u00fcyelerinin eleba\u015flar\u0131yla birlikte bertaraf edildiklerinin alt\u0131n\u0131 \u00e7izdi.<\/p>\n<p>Kaynak; Ayn H\u00fcseyin, Telbise, Semalil, Keferlaha, Teldo, Saan, Teyr Maala, Me\u015frefe ve Um \u015eer\u015fuh b\u00f6lge ve k\u00f6ylerinde d\u00fczenlenen operasyonlarda ter\u00f6ristlere ciddi be\u015feri ve lojistik kay\u0131plar verdirildi\u011fini vurgulad\u0131.<\/p>\n<p><span style=\"color: #0000ff\">Dera ve K\u0131rsal\u0131nda Bir\u00e7ok Ter\u00f6r Yuvas\u0131 Tamamen Yok Edildi<\/span><\/p>\n<p>Dera ve k\u0131rsal\u0131nda da ter\u00f6ristlere b\u00fcy\u00fck kay\u0131plar verdirildi\u011fini ibraz eden kaynak; Bat\u0131 \u011earya, Baytar Tar\u0131m Arazileri, Etman, Semlin, Enhal, Muhayyem Baraj\u0131, el Bihar ve Men\u015fiye b\u00f6lge-belde ve semtlerinde bir\u00e7ok ter\u00f6r yuvas\u0131n\u0131n tamamen yok edildi\u011fini aktard\u0131.<\/p>\n<p>Operasyonlarda onlarca ter\u00f6rist ve eleba\u015flar\u0131n\u0131n \u00f6l\u00fc ve yaral\u0131 d\u00fc\u015f\u00fcr\u00fcld\u00fc\u011f\u00fcne dikkat \u00e7eken kaynak; ayr\u0131ca ter\u00f6ristlere ait bir silah-m\u00fchimmat deposunun yan\u0131 s\u0131ra bir\u00e7ok ara\u00e7 ve b\u00fcy\u00fck miktarda silah-m\u00fchimmat\u0131n imha edildi\u011fini ekledi.<\/p>\n<p>Kaynak ayr\u0131ca Hirbet el \u011eazala b\u00f6lgesine s\u0131zmaya \u00e7al\u0131\u015fan ter\u00f6ristlerle kahraman birliklerimiz aras\u0131nda meydana gelen \u00e7at\u0131\u015fmalarda ter\u00f6ristlerin tamamen bertaraf edildi\u011finin alt\u0131n\u0131 \u00e7izdi.<\/p>\n<p><span style=\"color: #0000ff\">Hama K\u0131rsal\u0131nda Yabanc\u0131 Ter\u00f6ristler \u00d6ld\u00fcr\u00fcld\u00fc<\/span><\/p>\n<p>Askeri kaynak ordu birliklerimizin Hama k\u0131rsal\u0131n\u0131n Latamina, Morik ve Kefarzeyta b\u00f6lgelerinde ter\u00f6r yuvalar\u0131 ve karargahlar\u0131n\u0131 hedef ald\u0131klar\u0131n\u0131 belirtirken, operasyonlarda aralar\u0131nda yabanc\u0131lar\u0131n bulundu\u011fu \u00e7ok say\u0131da ter\u00f6ristin \u00f6l\u00fc yaral\u0131 d\u00fc\u015f\u00fcr\u00fcld\u00fc\u011f\u00fcn\u00fc belirtti.<\/p>\n","protected":false},"excerpt":{"rendered":"<p>\u0130LLER \u2013 Kahraman ordu birliklerimiz silahl\u0131 ter\u00f6r gruplar\u0131n\u0131 eleba\u015flar\u0131yla birlikte, kendi inlerinde ve bulunduklar\u0131 her yerde bertaraf etmeye devam ediyor. \u015eam K\u0131rsal\u0131nda Bir\u00e7ok Ter\u00f6r Grubu ve Yuvas\u0131 Tamamen Yok Edildi Askeri bir kaynak kahraman birliklerimizin \u015eam K\u0131rsal\u0131n\u0131n Dehhaniye, Covbar, Do\u011fu \u011euta, Vadi Ayn Terma, Hatitat el Cer\u015f, Mleyha, Ne\u015fabiye ve Duma b\u00f6lgelerinde d\u00fczenledikleri operasyonlar kapsam\u0131nda &hellip;<\/p>\n","protected":false},"author":1,"featured_media":10360,"comment_status":"closed","ping_status":"closed","sticky":false,"template":"","format":"standard","meta":{"footnotes":""},"categories":[575],"tags":[2368],"class_list":["post-10256","post","type-post","status-publish","format-standard","has-post-thumbnail","","category-olaylar-ve-gercekler","tag-teroristler-inlerinde-ve-bulunduklari-her-yerde-bertaraf-ediliyorlar"],"_links":{"self":[{"href":"https:\/\/archive.sana.sy\/tr\/index.php?rest_route=\/wp\/v2\/posts\/10256","targetHints":{"allow":["GET"]}}],"collection":[{"href":"https:\/\/archive.sana.sy\/tr\/index.php?rest_route=\/wp\/v2\/posts"}],"about":[{"href":"https:\/\/archive.sana.sy\/tr\/index.php?rest_route=\/wp\/v2\/types\/post"}],"author":[{"embeddable":true,"href":"https:\/\/archive.sana.sy\/tr\/index.php?rest_route=\/wp\/v2\/users\/1"}],"replies":[{"embeddable":true,"href":"https:\/\/archive.sana.sy\/tr\/index.php?rest_route=%2Fwp%2Fv2%2Fcomments&post=10256"}],"version-history":[{"count":0,"href":"https:\/\/archive.sana.sy\/tr\/index.php?rest_route=\/wp\/v2\/posts\/10256\/revisions"}],"wp:featuredmedia":[{"embeddable":true,"href":"https:\/\/archive.sana.sy\/tr\/index.php?rest_route=\/wp\/v2\/media\/10360"}],"wp:attachment":[{"href":"https:\/\/archive.sana.sy\/tr\/index.php?rest_route=%2Fwp%2Fv2%2Fmedia&parent=10256"}],"wp:term":[{"taxonomy":"category","embeddable":true,"href":"https:\/\/archive.sana.sy\/tr\/index.php?rest_route=%2Fwp%2Fv2%2Fcategories&post=10256"},{"taxonomy":"post_tag","embeddable":true,"href":"https:\/\/archive.sana.sy\/tr\/index.php?rest_route=%2Fwp%2Fv2%2Ftags&post=10256"}],"curies":[{"name":"wp","href":"https:\/\/api.w.org\/{rel}","templated":true}]}}