{"id":102584,"date":"2017-01-24T08:23:38","date_gmt":"2017-01-24T06:23:38","guid":{"rendered":"http:\/\/www.sana.sy\/tr\/?p=102584"},"modified":"2017-01-24T08:23:38","modified_gmt":"2017-01-24T06:23:38","slug":"sananin-astana-muhabiri-terorun-ve-teroristlerin-garantoru-ve-hamisi-turkiye-uzerinde-anlasmaya-varilmayan-sonuc-bildirgesini-sizdirdi-%e2%80%8f","status":"publish","type":"post","link":"https:\/\/archive.sana.sy\/tr\/?p=102584","title":{"rendered":"SANA\u2019n\u0131n Astana muhabiri: Ter\u00f6r\u00fcn ve  ter\u00f6ristlerin garant\u00f6r\u00fc ve hamisi T\u00fcrkiye \u00fczerinde anla\u015fmaya var\u0131lmayan sonu\u00e7 bildirgesini s\u0131zd\u0131rd\u0131 \u200f"},"content":{"rendered":"<p>SANA\u2019n\u0131n Astana muhabiri: Ter\u00f6r\u00fcn ve ter\u00f6ristlerin garant\u00f6r\u00fc ve hamisi T\u00fcrkiye \u00fczerinde anla\u015fmaya var\u0131lmayan sonu\u00e7 bildirgesini s\u0131zd\u0131rd\u0131 \u200f<\/p>\n","protected":false},"excerpt":{"rendered":"<p>SANA\u2019n\u0131n Astana muhabiri: Ter\u00f6r\u00fcn ve ter\u00f6ristlerin garant\u00f6r\u00fc ve hamisi T\u00fcrkiye \u00fczerinde anla\u015fmaya var\u0131lmayan sonu\u00e7 bildirgesini s\u0131zd\u0131rd\u0131 \u200f<\/p>\n","protected":false},"author":1,"featured_media":0,"comment_status":"closed","ping_status":"closed","sticky":false,"template":"","format":"standard","meta":{"footnotes":""},"categories":[17991],"tags":[],"class_list":["post-102584","post","type-post","status-publish","format-standard","","category-son-dakika"],"_links":{"self":[{"href":"https:\/\/archive.sana.sy\/tr\/index.php?rest_route=\/wp\/v2\/posts\/102584","targetHints":{"allow":["GET"]}}],"collection":[{"href":"https:\/\/archive.sana.sy\/tr\/index.php?rest_route=\/wp\/v2\/posts"}],"about":[{"href":"https:\/\/archive.sana.sy\/tr\/index.php?rest_route=\/wp\/v2\/types\/post"}],"author":[{"embeddable":true,"href":"https:\/\/archive.sana.sy\/tr\/index.php?rest_route=\/wp\/v2\/users\/1"}],"replies":[{"embeddable":true,"href":"https:\/\/archive.sana.sy\/tr\/index.php?rest_route=%2Fwp%2Fv2%2Fcomments&post=102584"}],"version-history":[{"count":0,"href":"https:\/\/archive.sana.sy\/tr\/index.php?rest_route=\/wp\/v2\/posts\/102584\/revisions"}],"wp:attachment":[{"href":"https:\/\/archive.sana.sy\/tr\/index.php?rest_route=%2Fwp%2Fv2%2Fmedia&parent=102584"}],"wp:term":[{"taxonomy":"category","embeddable":true,"href":"https:\/\/archive.sana.sy\/tr\/index.php?rest_route=%2Fwp%2Fv2%2Fcategories&post=102584"},{"taxonomy":"post_tag","embeddable":true,"href":"https:\/\/archive.sana.sy\/tr\/index.php?rest_route=%2Fwp%2Fv2%2Ftags&post=102584"}],"curies":[{"name":"wp","href":"https:\/\/api.w.org\/{rel}","templated":true}]}}