{"id":102588,"date":"2017-01-24T09:23:52","date_gmt":"2017-01-24T07:23:52","guid":{"rendered":"http:\/\/www.sana.sy\/tr\/?p=102588"},"modified":"2017-01-24T09:23:52","modified_gmt":"2017-01-24T07:23:52","slug":"suriyenin-astana-heyetine-yakin-bir-kaynak-astanadaki-gorusmeler-turkiyenin-olumlu-bir-sonuc-alinmasini-tikayan-engelleri-kaldirmak-amaciyla-devam-ediyor-turkiye-gorusmel","status":"publish","type":"post","link":"https:\/\/archive.sana.sy\/tr\/?p=102588","title":{"rendered":"Suriye\u2019nin Astana heyetine yak\u0131n bir kaynak: Astana\u2019daki g\u00f6r\u00fc\u015fmeler, T\u00fcrkiye\u2019nin olumlu bir sonu\u00e7 al\u0131nmas\u0131n\u0131 t\u0131kayan engelleri kald\u0131rmak amac\u0131yla devam ediyor. T\u00fcrkiye g\u00f6r\u00fc\u015fmelerde inat\u00e7\u0131 bir tav\u0131r sergileyerek Astana toplant\u0131s\u0131n\u0131n temelini olu\u015fturan ate\u015fkesi sa\u011flamla\u015ft\u0131rma ve g\u00fc\u00e7lendirmenin g\u00fcndeminde yer almayan terim ve ifadeler getirmeye \u00e7al\u0131\u015ft\u0131"},"content":{"rendered":"<p>Suriye\u2019nin Astana heyetine yak\u0131n bir kaynak: Astana\u2019daki g\u00f6r\u00fc\u015fmeler, T\u00fcrkiye\u2019nin olumlu bir sonu\u00e7 al\u0131nmas\u0131n\u0131 t\u0131kayan engelleri kald\u0131rmak amac\u0131yla devam ediyor. T\u00fcrkiye g\u00f6r\u00fc\u015fmelerde inat\u00e7\u0131 bir tav\u0131r sergileyerek Astana toplant\u0131s\u0131n\u0131n temelini olu\u015fturan ate\u015fkesi sa\u011flamla\u015ft\u0131rma ve g\u00fc\u00e7lendirmenin g\u00fcndeminde yer almayan terim ve ifadeler getirmeye \u00e7al\u0131\u015ft\u0131<\/p>\n","protected":false},"excerpt":{"rendered":"<p>Suriye\u2019nin Astana heyetine yak\u0131n bir kaynak: Astana\u2019daki g\u00f6r\u00fc\u015fmeler, T\u00fcrkiye\u2019nin olumlu bir sonu\u00e7 al\u0131nmas\u0131n\u0131 t\u0131kayan engelleri kald\u0131rmak amac\u0131yla devam ediyor. T\u00fcrkiye g\u00f6r\u00fc\u015fmelerde inat\u00e7\u0131 bir tav\u0131r sergileyerek Astana toplant\u0131s\u0131n\u0131n temelini olu\u015fturan ate\u015fkesi sa\u011flamla\u015ft\u0131rma ve g\u00fc\u00e7lendirmenin g\u00fcndeminde yer almayan terim ve ifadeler getirmeye \u00e7al\u0131\u015ft\u0131<\/p>\n","protected":false},"author":1,"featured_media":0,"comment_status":"closed","ping_status":"closed","sticky":false,"template":"","format":"standard","meta":{"footnotes":""},"categories":[17991],"tags":[],"class_list":["post-102588","post","type-post","status-publish","format-standard","","category-son-dakika"],"_links":{"self":[{"href":"https:\/\/archive.sana.sy\/tr\/index.php?rest_route=\/wp\/v2\/posts\/102588","targetHints":{"allow":["GET"]}}],"collection":[{"href":"https:\/\/archive.sana.sy\/tr\/index.php?rest_route=\/wp\/v2\/posts"}],"about":[{"href":"https:\/\/archive.sana.sy\/tr\/index.php?rest_route=\/wp\/v2\/types\/post"}],"author":[{"embeddable":true,"href":"https:\/\/archive.sana.sy\/tr\/index.php?rest_route=\/wp\/v2\/users\/1"}],"replies":[{"embeddable":true,"href":"https:\/\/archive.sana.sy\/tr\/index.php?rest_route=%2Fwp%2Fv2%2Fcomments&post=102588"}],"version-history":[{"count":0,"href":"https:\/\/archive.sana.sy\/tr\/index.php?rest_route=\/wp\/v2\/posts\/102588\/revisions"}],"wp:attachment":[{"href":"https:\/\/archive.sana.sy\/tr\/index.php?rest_route=%2Fwp%2Fv2%2Fmedia&parent=102588"}],"wp:term":[{"taxonomy":"category","embeddable":true,"href":"https:\/\/archive.sana.sy\/tr\/index.php?rest_route=%2Fwp%2Fv2%2Fcategories&post=102588"},{"taxonomy":"post_tag","embeddable":true,"href":"https:\/\/archive.sana.sy\/tr\/index.php?rest_route=%2Fwp%2Fv2%2Ftags&post=102588"}],"curies":[{"name":"wp","href":"https:\/\/api.w.org\/{rel}","templated":true}]}}