{"id":10283,"date":"2014-09-17T17:29:58","date_gmt":"2014-09-17T14:29:58","guid":{"rendered":"http:\/\/www.sana.sy\/tr\/?p=10283"},"modified":"2014-09-18T12:33:05","modified_gmt":"2014-09-18T09:33:05","slug":"kamisli-kirsalinda-bircok-koy-ve-belde-teroristlerden-temizlendi","status":"publish","type":"post","link":"https:\/\/archive.sana.sy\/tr\/?p=10283","title":{"rendered":"Kam\u0131\u015fl\u0131 K\u0131rsal\u0131nda Bir\u00e7ok K\u00f6y ve Belde Ter\u00f6ristlerden Temizlendi"},"content":{"rendered":"<p>HASEKE \u2013 Vatan koruyucular\u0131 ordu birliklerimiz ulusal g\u00fc\u00e7lerle i\u015fbirli\u011fi i\u00e7inde Haseke iline tabi Kam\u0131\u015fl\u0131 k\u0131rsal\u0131n\u0131n do\u011fusunda \u00e7ok say\u0131da k\u00f6y ve beldeyi tekfirci ter\u00f6r \u00e7etelerden temizleyip g\u00fcvenlik ve kontrol\u00fc sa\u011flad\u0131.<\/p>\n<p>Kam\u0131\u015fl\u0131\u2019dan SANA\u2019ya a\u00e7\u0131klama yapan bir saha komutan\u0131 ordu birliklerimizin Kam\u0131\u015fl\u0131 k\u0131rsal\u0131n\u0131n do\u011fusunda Tel \u015erey\u015fa, B\u00fcy\u00fck Haciye, K\u00fc\u00e7\u00fck haciye, Tel el Mteyne,Sedda, B\u00fcy\u00fck Rahiye, K\u00fc\u00e7\u00fck Rahiye, Kbeyba, Mata\u015fiyr, B\u00fcy\u00fck \u015earmuh, K\u00fc\u00e7\u00fck \u015earmuh, Orta \u015earmuh, \u015earmuh kelb, Harra, Kubbiye, Uveyna ve Tel Rahba\u2019nin yan\u0131 s\u0131ra s\u00f6z konusu k\u00f6y ve beldelerin civar\u0131na d\u00fc\u015fen alanlar\u0131 tamamen ter\u00f6r \u00e7etelerinden temizledi\u011fini belirtti.<\/p>\n<p>Operasyonlarda olduk\u00e7a y\u00fcksek say\u0131da ter\u00f6ristin \u00f6l\u00fc yaral\u0131 ele ge\u00e7irildiklerini belirten kaynak; bir k\u0131sm\u0131 a\u011f\u0131r makineli silahlarla donat\u0131lm\u0131\u015f bir\u00e7ok ara\u00e7lar\u0131n\u0131n da imha edildi\u011fini aktard\u0131.<\/p>\n","protected":false},"excerpt":{"rendered":"<p>HASEKE \u2013 Vatan koruyucular\u0131 ordu birliklerimiz ulusal g\u00fc\u00e7lerle i\u015fbirli\u011fi i\u00e7inde Haseke iline tabi Kam\u0131\u015fl\u0131 k\u0131rsal\u0131n\u0131n do\u011fusunda \u00e7ok say\u0131da k\u00f6y ve beldeyi tekfirci ter\u00f6r \u00e7etelerden temizleyip g\u00fcvenlik ve kontrol\u00fc sa\u011flad\u0131. Kam\u0131\u015fl\u0131\u2019dan SANA\u2019ya a\u00e7\u0131klama yapan bir saha komutan\u0131 ordu birliklerimizin Kam\u0131\u015fl\u0131 k\u0131rsal\u0131n\u0131n do\u011fusunda Tel \u015erey\u015fa, B\u00fcy\u00fck Haciye, K\u00fc\u00e7\u00fck haciye, Tel el Mteyne,Sedda, B\u00fcy\u00fck Rahiye, K\u00fc\u00e7\u00fck Rahiye, Kbeyba, &hellip;<\/p>\n","protected":false},"author":1,"featured_media":10284,"comment_status":"closed","ping_status":"closed","sticky":false,"template":"","format":"standard","meta":{"footnotes":""},"categories":[575],"tags":[2375],"class_list":["post-10283","post","type-post","status-publish","format-standard","has-post-thumbnail","","category-olaylar-ve-gercekler","tag-kamisli-kirsalinda-bircok-koy-ve-belde-teroristlerden-temizlendi"],"_links":{"self":[{"href":"https:\/\/archive.sana.sy\/tr\/index.php?rest_route=\/wp\/v2\/posts\/10283","targetHints":{"allow":["GET"]}}],"collection":[{"href":"https:\/\/archive.sana.sy\/tr\/index.php?rest_route=\/wp\/v2\/posts"}],"about":[{"href":"https:\/\/archive.sana.sy\/tr\/index.php?rest_route=\/wp\/v2\/types\/post"}],"author":[{"embeddable":true,"href":"https:\/\/archive.sana.sy\/tr\/index.php?rest_route=\/wp\/v2\/users\/1"}],"replies":[{"embeddable":true,"href":"https:\/\/archive.sana.sy\/tr\/index.php?rest_route=%2Fwp%2Fv2%2Fcomments&post=10283"}],"version-history":[{"count":0,"href":"https:\/\/archive.sana.sy\/tr\/index.php?rest_route=\/wp\/v2\/posts\/10283\/revisions"}],"wp:featuredmedia":[{"embeddable":true,"href":"https:\/\/archive.sana.sy\/tr\/index.php?rest_route=\/wp\/v2\/media\/10284"}],"wp:attachment":[{"href":"https:\/\/archive.sana.sy\/tr\/index.php?rest_route=%2Fwp%2Fv2%2Fmedia&parent=10283"}],"wp:term":[{"taxonomy":"category","embeddable":true,"href":"https:\/\/archive.sana.sy\/tr\/index.php?rest_route=%2Fwp%2Fv2%2Fcategories&post=10283"},{"taxonomy":"post_tag","embeddable":true,"href":"https:\/\/archive.sana.sy\/tr\/index.php?rest_route=%2Fwp%2Fv2%2Ftags&post=10283"}],"curies":[{"name":"wp","href":"https:\/\/api.w.org\/{rel}","templated":true}]}}