{"id":10306,"date":"2014-09-17T16:49:09","date_gmt":"2014-09-17T13:49:09","guid":{"rendered":"http:\/\/www.sana.sy\/tr\/?p=10306"},"modified":"2014-09-17T16:49:09","modified_gmt":"2014-09-17T13:49:09","slug":"konsolosluk-islemlerini-kolaylastiracak-web-sitesi-hizmete-girdi","status":"publish","type":"post","link":"https:\/\/archive.sana.sy\/tr\/?p=10306","title":{"rendered":"Konsolosluk \u0130\u015flemlerini Kolayla\u015ft\u0131racak Web Sitesi Hizmete Girdi"},"content":{"rendered":"<p>KAH\u0130RE \u2013 Suriye Arap Cumhuriyetinin M\u0131s\u0131r\u2019\u0131n ba\u015fkenti Kahire\u2019deki konsolosluk delegasyonu bug\u00fcn M\u0131s\u0131r\u2019da bulunan Suriyeliler ile ileti\u015fimi kolayla\u015ft\u0131rmakla birlikte konsolosluk i\u015flemlerini kolayla\u015ft\u0131rma amac\u0131yla bug\u00fcn resmi web sitesini hizmete a\u00e7t\u0131.<\/p>\n<p>Kahire&#8217;deki Suriye konsolosluk heyeti ba\u015fkan\u0131 Riyad Sneyh SANA\u2019n\u0131n Kahire&#8217;deki muhabirine yapt\u0131\u011f\u0131 a\u00e7\u0131klamada; web sitesinin M\u0131s\u0131r\u2019da bulunan t\u00fcm Suriyelilere i\u015flemlerini daha k\u0131sa bir s\u00fcrede ve daha rahat bir \u015fekilde tamamlamaya yard\u0131m etme amac\u0131 ta\u015f\u0131d\u0131\u011f\u0131n\u0131 s\u00f6yledi.\u00a0Sneyh web sitesin takdim etti\u011fi hizmetler ve sa\u011flad\u0131\u011f\u0131 kolayl\u0131klar hakk\u0131nda bilgi aktard\u0131.<\/p>\n<div id='gallery-1' class='gallery galleryid-10306 gallery-columns-3 gallery-size-thumbnail'><figure class='gallery-item'>\n\t\t\t<div class='gallery-icon landscape'>\n\t\t\t\t<a href='https:\/\/archive.sana.sy\/tr\/wp-content\/uploads\/2014\/09\/DSCF1192.jpg'><img loading=\"lazy\" decoding=\"async\" width=\"150\" height=\"112\" src=\"https:\/\/archive.sana.sy\/tr\/wp-content\/uploads\/2014\/09\/DSCF1192-150x112.jpg\" class=\"attachment-thumbnail size-thumbnail\" alt=\"\" srcset=\"https:\/\/archive.sana.sy\/tr\/wp-content\/uploads\/2014\/09\/DSCF1192-150x112.jpg 150w, https:\/\/archive.sana.sy\/tr\/wp-content\/uploads\/2014\/09\/DSCF1192-300x225.jpg 300w, https:\/\/archive.sana.sy\/tr\/wp-content\/uploads\/2014\/09\/DSCF1192-1024x768.jpg 1024w, https:\/\/archive.sana.sy\/tr\/wp-content\/uploads\/2014\/09\/DSCF1192.jpg 2048w\" sizes=\"auto, (max-width: 150px) 100vw, 150px\" \/><\/a>\n\t\t\t<\/div><\/figure><figure class='gallery-item'>\n\t\t\t<div class='gallery-icon landscape'>\n\t\t\t\t<a href='https:\/\/archive.sana.sy\/tr\/wp-content\/uploads\/2014\/09\/DSCF1195.jpg'><img loading=\"lazy\" decoding=\"async\" width=\"150\" height=\"112\" src=\"https:\/\/archive.sana.sy\/tr\/wp-content\/uploads\/2014\/09\/DSCF1195-150x112.jpg\" class=\"attachment-thumbnail size-thumbnail\" alt=\"\" srcset=\"https:\/\/archive.sana.sy\/tr\/wp-content\/uploads\/2014\/09\/DSCF1195-150x112.jpg 150w, https:\/\/archive.sana.sy\/tr\/wp-content\/uploads\/2014\/09\/DSCF1195-300x225.jpg 300w, https:\/\/archive.sana.sy\/tr\/wp-content\/uploads\/2014\/09\/DSCF1195-1024x768.jpg 1024w, https:\/\/archive.sana.sy\/tr\/wp-content\/uploads\/2014\/09\/DSCF1195.jpg 2048w\" sizes=\"auto, (max-width: 150px) 100vw, 150px\" \/><\/a>\n\t\t\t<\/div><\/figure><figure class='gallery-item'>\n\t\t\t<div class='gallery-icon landscape'>\n\t\t\t\t<a href='https:\/\/archive.sana.sy\/tr\/wp-content\/uploads\/2014\/09\/DSCF1209.jpg'><img loading=\"lazy\" decoding=\"async\" width=\"150\" height=\"112\" src=\"https:\/\/archive.sana.sy\/tr\/wp-content\/uploads\/2014\/09\/DSCF1209-150x112.jpg\" class=\"attachment-thumbnail size-thumbnail\" alt=\"\" srcset=\"https:\/\/archive.sana.sy\/tr\/wp-content\/uploads\/2014\/09\/DSCF1209-150x112.jpg 150w, https:\/\/archive.sana.sy\/tr\/wp-content\/uploads\/2014\/09\/DSCF1209-300x225.jpg 300w, https:\/\/archive.sana.sy\/tr\/wp-content\/uploads\/2014\/09\/DSCF1209-1024x768.jpg 1024w, https:\/\/archive.sana.sy\/tr\/wp-content\/uploads\/2014\/09\/DSCF1209.jpg 2048w\" sizes=\"auto, (max-width: 150px) 100vw, 150px\" \/><\/a>\n\t\t\t<\/div><\/figure>\n\t\t<\/div>\n\n","protected":false},"excerpt":{"rendered":"<p>KAH\u0130RE \u2013 Suriye Arap Cumhuriyetinin M\u0131s\u0131r\u2019\u0131n ba\u015fkenti Kahire\u2019deki konsolosluk delegasyonu bug\u00fcn M\u0131s\u0131r\u2019da bulunan Suriyeliler ile ileti\u015fimi kolayla\u015ft\u0131rmakla birlikte konsolosluk i\u015flemlerini kolayla\u015ft\u0131rma amac\u0131yla bug\u00fcn resmi web sitesini hizmete a\u00e7t\u0131. Kahire&#8217;deki Suriye konsolosluk heyeti ba\u015fkan\u0131 Riyad Sneyh SANA\u2019n\u0131n Kahire&#8217;deki muhabirine yapt\u0131\u011f\u0131 a\u00e7\u0131klamada; web sitesinin M\u0131s\u0131r\u2019da bulunan t\u00fcm Suriyelilere i\u015flemlerini daha k\u0131sa bir s\u00fcrede ve daha rahat bir &hellip;<\/p>\n","protected":false},"author":1,"featured_media":10310,"comment_status":"closed","ping_status":"closed","sticky":false,"template":"","format":"standard","meta":{"footnotes":""},"categories":[458,459,447,584],"tags":[2381],"class_list":["post-10306","post","type-post","status-publish","format-standard","has-post-thumbnail","","category-dunya1","category-haberler-arap-uluslararasi-politika","category-politika","category-yurtdisinda-sana-ofisleri","tag-konsolosluk-islemlerini-kolaylastiracak-web-sitesi-hizmete-girdi"],"_links":{"self":[{"href":"https:\/\/archive.sana.sy\/tr\/index.php?rest_route=\/wp\/v2\/posts\/10306","targetHints":{"allow":["GET"]}}],"collection":[{"href":"https:\/\/archive.sana.sy\/tr\/index.php?rest_route=\/wp\/v2\/posts"}],"about":[{"href":"https:\/\/archive.sana.sy\/tr\/index.php?rest_route=\/wp\/v2\/types\/post"}],"author":[{"embeddable":true,"href":"https:\/\/archive.sana.sy\/tr\/index.php?rest_route=\/wp\/v2\/users\/1"}],"replies":[{"embeddable":true,"href":"https:\/\/archive.sana.sy\/tr\/index.php?rest_route=%2Fwp%2Fv2%2Fcomments&post=10306"}],"version-history":[{"count":0,"href":"https:\/\/archive.sana.sy\/tr\/index.php?rest_route=\/wp\/v2\/posts\/10306\/revisions"}],"wp:featuredmedia":[{"embeddable":true,"href":"https:\/\/archive.sana.sy\/tr\/index.php?rest_route=\/wp\/v2\/media\/10310"}],"wp:attachment":[{"href":"https:\/\/archive.sana.sy\/tr\/index.php?rest_route=%2Fwp%2Fv2%2Fmedia&parent=10306"}],"wp:term":[{"taxonomy":"category","embeddable":true,"href":"https:\/\/archive.sana.sy\/tr\/index.php?rest_route=%2Fwp%2Fv2%2Fcategories&post=10306"},{"taxonomy":"post_tag","embeddable":true,"href":"https:\/\/archive.sana.sy\/tr\/index.php?rest_route=%2Fwp%2Fv2%2Ftags&post=10306"}],"curies":[{"name":"wp","href":"https:\/\/api.w.org\/{rel}","templated":true}]}}