{"id":103130,"date":"2017-01-29T14:43:16","date_gmt":"2017-01-29T12:43:16","guid":{"rendered":"http:\/\/www.sana.sy\/tr\/?p=103130"},"modified":"2017-01-29T14:50:35","modified_gmt":"2017-01-29T12:50:35","slug":"ordu-ve-silahli-kuvvetler-genel-komutanligi-ordu-birliklerimizin-destekci-guclerle-isbirligi-icinde-sam-kirsalinin-batisi-berada-vadisinde-yer-alan-belde-ve-koylerde-gerceklestirdikleri-bir-dizi-oper","status":"publish","type":"post","link":"https:\/\/archive.sana.sy\/tr\/?p=103130","title":{"rendered":"Ordu ve Silahl\u0131 Kuvvetler Genel Komutanl\u0131\u011f\u0131, ordu birliklerimizin destek\u00e7i g\u00fc\u00e7lerle i\u015fbirli\u011fi i\u00e7inde \u015eam k\u0131rsal\u0131n\u0131n bat\u0131s\u0131 Berada Vadisinde yer alan belde ve k\u00f6ylerde ger\u00e7ekle\u015ftirdikleri bir dizi operasyon sonucunda b\u00f6lgeyi radikal ter\u00f6ristlerden temizlemekle birlikte ahalinin can ve mal g\u00fcvenli\u011fini sa\u011flama g\u00f6revini ba\u015far\u0131yla tamamlad\u0131klar\u0131n\u0131 belirtti"},"content":{"rendered":"<p>Ordu ve Silahl\u0131 Kuvvetler Genel Komutanl\u0131\u011f\u0131, ordu birliklerimizin destek\u00e7i g\u00fc\u00e7lerle i\u015fbirli\u011fi i\u00e7inde \u015eam k\u0131rsal\u0131n\u0131n bat\u0131s\u0131 Berada Vadisinde yer alan belde ve k\u00f6ylerde ger\u00e7ekle\u015ftirdikleri bir dizi operasyon sonucunda b\u00f6lgeyi radikal ter\u00f6ristlerden temizlemekle birlikte ahalinin can ve mal g\u00fcvenli\u011fini sa\u011flama g\u00f6revini ba\u015far\u0131yla tamamlad\u0131klar\u0131n\u0131 belirtti<\/p>\n","protected":false},"excerpt":{"rendered":"<p>Ordu ve Silahl\u0131 Kuvvetler Genel Komutanl\u0131\u011f\u0131, ordu birliklerimizin destek\u00e7i g\u00fc\u00e7lerle i\u015fbirli\u011fi i\u00e7inde \u015eam k\u0131rsal\u0131n\u0131n bat\u0131s\u0131 Berada Vadisinde yer alan belde ve k\u00f6ylerde ger\u00e7ekle\u015ftirdikleri bir dizi operasyon sonucunda b\u00f6lgeyi radikal ter\u00f6ristlerden temizlemekle birlikte ahalinin can ve mal g\u00fcvenli\u011fini sa\u011flama g\u00f6revini ba\u015far\u0131yla tamamlad\u0131klar\u0131n\u0131 belirtti<\/p>\n","protected":false},"author":1,"featured_media":0,"comment_status":"closed","ping_status":"closed","sticky":false,"template":"","format":"standard","meta":{"footnotes":""},"categories":[17991],"tags":[],"class_list":["post-103130","post","type-post","status-publish","format-standard","","category-son-dakika"],"_links":{"self":[{"href":"https:\/\/archive.sana.sy\/tr\/index.php?rest_route=\/wp\/v2\/posts\/103130","targetHints":{"allow":["GET"]}}],"collection":[{"href":"https:\/\/archive.sana.sy\/tr\/index.php?rest_route=\/wp\/v2\/posts"}],"about":[{"href":"https:\/\/archive.sana.sy\/tr\/index.php?rest_route=\/wp\/v2\/types\/post"}],"author":[{"embeddable":true,"href":"https:\/\/archive.sana.sy\/tr\/index.php?rest_route=\/wp\/v2\/users\/1"}],"replies":[{"embeddable":true,"href":"https:\/\/archive.sana.sy\/tr\/index.php?rest_route=%2Fwp%2Fv2%2Fcomments&post=103130"}],"version-history":[{"count":0,"href":"https:\/\/archive.sana.sy\/tr\/index.php?rest_route=\/wp\/v2\/posts\/103130\/revisions"}],"wp:attachment":[{"href":"https:\/\/archive.sana.sy\/tr\/index.php?rest_route=%2Fwp%2Fv2%2Fmedia&parent=103130"}],"wp:term":[{"taxonomy":"category","embeddable":true,"href":"https:\/\/archive.sana.sy\/tr\/index.php?rest_route=%2Fwp%2Fv2%2Fcategories&post=103130"},{"taxonomy":"post_tag","embeddable":true,"href":"https:\/\/archive.sana.sy\/tr\/index.php?rest_route=%2Fwp%2Fv2%2Ftags&post=103130"}],"curies":[{"name":"wp","href":"https:\/\/api.w.org\/{rel}","templated":true}]}}