{"id":103177,"date":"2017-01-29T14:41:20","date_gmt":"2017-01-29T12:41:20","guid":{"rendered":"http:\/\/www.sana.sy\/tr\/?p=103177"},"modified":"2017-01-30T12:50:27","modified_gmt":"2017-01-30T10:50:27","slug":"bir-yilda-22-milyar-liradan-fazla-gelir-kaydetti","status":"publish","type":"post","link":"https:\/\/archive.sana.sy\/tr\/?p=103177","title":{"rendered":"Bir Y\u0131lda 22 Milyar Liradan Fazla Gelir Kaydetti"},"content":{"rendered":"<p>LAZK\u0130YE \u2013 Lazkiye Deniz Liman\u0131 \u015eirketi 2016 y\u0131l\u0131nda 22 milyar liradan fazla net gelir sa\u011flad\u0131.<\/p>\n<p>Deniz Liman\u0131 Genel M\u00fcd\u00fcr\u00fc Emcad Seri S\u00fcleyman SANA\u2019ya yapt\u0131\u011f\u0131 a\u00e7\u0131klamada; \u015firket \u00e7al\u0131\u015fma plan\u0131n\u0131n hayata ge\u00e7irilmesi oran\u0131n\u0131n y\u00fczde 322\u2019yi ge\u00e7ti\u011fine dikkat \u00e7ekti.<\/p>\n<p>S\u00fcleyman 2016 y\u0131l\u0131nda limana demir atan gemi say\u0131s\u0131n\u0131n d\u00fcnyan\u0131n bir\u00e7ok devletinden olmak \u00fczere 478 gemiyi a\u015ft\u0131\u011f\u0131na dikkat \u00e7ekerken, limana inen konteyn\u0131r say\u0131s\u0131n\u0131n ise 2,5 milyon\u2019u ge\u00e7ti\u011fini belirtti.<\/p>\n","protected":false},"excerpt":{"rendered":"<p>LAZK\u0130YE \u2013 Lazkiye Deniz Liman\u0131 \u015eirketi 2016 y\u0131l\u0131nda 22 milyar liradan fazla net gelir sa\u011flad\u0131. Deniz Liman\u0131 Genel M\u00fcd\u00fcr\u00fc Emcad Seri S\u00fcleyman SANA\u2019ya yapt\u0131\u011f\u0131 a\u00e7\u0131klamada; \u015firket \u00e7al\u0131\u015fma plan\u0131n\u0131n hayata ge\u00e7irilmesi oran\u0131n\u0131n y\u00fczde 322\u2019yi ge\u00e7ti\u011fine dikkat \u00e7ekti. S\u00fcleyman 2016 y\u0131l\u0131nda limana demir atan gemi say\u0131s\u0131n\u0131n d\u00fcnyan\u0131n bir\u00e7ok devletinden olmak \u00fczere 478 gemiyi a\u015ft\u0131\u011f\u0131na dikkat \u00e7ekerken, limana &hellip;<\/p>\n","protected":false},"author":1,"featured_media":103180,"comment_status":"closed","ping_status":"closed","sticky":false,"template":"","format":"standard","meta":{"footnotes":""},"categories":[485,486,17988],"tags":[27112,27114,27113],"class_list":["post-103177","post","type-post","status-publish","format-standard","has-post-thumbnail","","category-is-ve-sermaye","category-haberler-is-ve-sermaye","category-son-haberler","tag-bir-yilda-22-milyar-liradan-fazla-gelir-kaydetti","tag-deniz-limani-genel-muduru-emcad-seri-suleyman","tag-lazkiye-deniz-limani-sirketi"],"_links":{"self":[{"href":"https:\/\/archive.sana.sy\/tr\/index.php?rest_route=\/wp\/v2\/posts\/103177","targetHints":{"allow":["GET"]}}],"collection":[{"href":"https:\/\/archive.sana.sy\/tr\/index.php?rest_route=\/wp\/v2\/posts"}],"about":[{"href":"https:\/\/archive.sana.sy\/tr\/index.php?rest_route=\/wp\/v2\/types\/post"}],"author":[{"embeddable":true,"href":"https:\/\/archive.sana.sy\/tr\/index.php?rest_route=\/wp\/v2\/users\/1"}],"replies":[{"embeddable":true,"href":"https:\/\/archive.sana.sy\/tr\/index.php?rest_route=%2Fwp%2Fv2%2Fcomments&post=103177"}],"version-history":[{"count":0,"href":"https:\/\/archive.sana.sy\/tr\/index.php?rest_route=\/wp\/v2\/posts\/103177\/revisions"}],"wp:featuredmedia":[{"embeddable":true,"href":"https:\/\/archive.sana.sy\/tr\/index.php?rest_route=\/wp\/v2\/media\/103180"}],"wp:attachment":[{"href":"https:\/\/archive.sana.sy\/tr\/index.php?rest_route=%2Fwp%2Fv2%2Fmedia&parent=103177"}],"wp:term":[{"taxonomy":"category","embeddable":true,"href":"https:\/\/archive.sana.sy\/tr\/index.php?rest_route=%2Fwp%2Fv2%2Fcategories&post=103177"},{"taxonomy":"post_tag","embeddable":true,"href":"https:\/\/archive.sana.sy\/tr\/index.php?rest_route=%2Fwp%2Fv2%2Ftags&post=103177"}],"curies":[{"name":"wp","href":"https:\/\/api.w.org\/{rel}","templated":true}]}}