{"id":103183,"date":"2017-01-29T14:47:15","date_gmt":"2017-01-29T12:47:15","guid":{"rendered":"http:\/\/www.sana.sy\/tr\/?p=103183"},"modified":"2017-01-29T14:55:40","modified_gmt":"2017-01-29T12:55:40","slug":"genel-komutanlik-ordu-birliklerimizin-berada-vadisinde-sagladigi-basarilarin-onemine-dikkat-cekerken-bircok-belde-ve-koyde-ulusal-uzlasmanin-saglanmasinin-yani-sira-yaklasik-400-kilometrelik-alana-ya","status":"publish","type":"post","link":"https:\/\/archive.sana.sy\/tr\/?p=103183","title":{"rendered":"Genel komutanl\u0131k ordu birliklerimizin Berada Vadisinde sa\u011flad\u0131\u011f\u0131 ba\u015far\u0131lar\u0131n \u00f6nemine dikkat \u00e7ekerken, bir\u00e7ok belde ve k\u00f6yde ulusal uzla\u015fman\u0131n sa\u011flanmas\u0131n\u0131n yan\u0131 s\u0131ra yakla\u015f\u0131k 400 kilometrelik alana yay\u0131lan Bseyma, Ayn Hadra, Deyr Mukrin, Ayn el Fici, Deyr Kanun, Kfeyr el Zeyt, Hseyniye, Kefr el Avamid, Berhaliye, Afra ve Barada Vadisi \u00c7ar\u015f\u0131s\u0131n\u0131n da radikal ter\u00f6rden kurtar\u0131lmalar\u0131yla sonu\u00e7land\u0131klar\u0131na vurgu yapt\u0131."},"content":{"rendered":"<p>Genel komutanl\u0131k ordu birliklerimizin Berada Vadisinde sa\u011flad\u0131\u011f\u0131 ba\u015far\u0131lar\u0131n \u00f6nemine dikkat \u00e7ekerken, bir\u00e7ok belde ve k\u00f6yde ulusal uzla\u015fman\u0131n sa\u011flanmas\u0131n\u0131n yan\u0131 s\u0131ra yakla\u015f\u0131k 400 kilometrelik alana yay\u0131lan Bseyma, Ayn Hadra, Deyr Mukrin, Ayn el Fici, Deyr Kanun, Kfeyr el Zeyt, Hseyniye, Kefr el Avamid, Berhaliye, Afra ve Barada Vadisi \u00c7ar\u015f\u0131s\u0131n\u0131n da radikal ter\u00f6rden kurtar\u0131lmalar\u0131yla sonu\u00e7land\u0131klar\u0131na vurgu yapt\u0131.<\/p>\n","protected":false},"excerpt":{"rendered":"<p>Genel komutanl\u0131k ordu birliklerimizin Berada Vadisinde sa\u011flad\u0131\u011f\u0131 ba\u015far\u0131lar\u0131n \u00f6nemine dikkat \u00e7ekerken, bir\u00e7ok belde ve k\u00f6yde ulusal uzla\u015fman\u0131n sa\u011flanmas\u0131n\u0131n yan\u0131 s\u0131ra yakla\u015f\u0131k 400 kilometrelik alana yay\u0131lan Bseyma, Ayn Hadra, Deyr Mukrin, Ayn el Fici, Deyr Kanun, Kfeyr el Zeyt, Hseyniye, Kefr el Avamid, Berhaliye, Afra ve Barada Vadisi \u00c7ar\u015f\u0131s\u0131n\u0131n da radikal ter\u00f6rden kurtar\u0131lmalar\u0131yla sonu\u00e7land\u0131klar\u0131na vurgu yapt\u0131.<\/p>\n","protected":false},"author":1,"featured_media":0,"comment_status":"closed","ping_status":"closed","sticky":false,"template":"","format":"standard","meta":{"footnotes":""},"categories":[17991],"tags":[],"class_list":["post-103183","post","type-post","status-publish","format-standard","","category-son-dakika"],"_links":{"self":[{"href":"https:\/\/archive.sana.sy\/tr\/index.php?rest_route=\/wp\/v2\/posts\/103183","targetHints":{"allow":["GET"]}}],"collection":[{"href":"https:\/\/archive.sana.sy\/tr\/index.php?rest_route=\/wp\/v2\/posts"}],"about":[{"href":"https:\/\/archive.sana.sy\/tr\/index.php?rest_route=\/wp\/v2\/types\/post"}],"author":[{"embeddable":true,"href":"https:\/\/archive.sana.sy\/tr\/index.php?rest_route=\/wp\/v2\/users\/1"}],"replies":[{"embeddable":true,"href":"https:\/\/archive.sana.sy\/tr\/index.php?rest_route=%2Fwp%2Fv2%2Fcomments&post=103183"}],"version-history":[{"count":0,"href":"https:\/\/archive.sana.sy\/tr\/index.php?rest_route=\/wp\/v2\/posts\/103183\/revisions"}],"wp:attachment":[{"href":"https:\/\/archive.sana.sy\/tr\/index.php?rest_route=%2Fwp%2Fv2%2Fmedia&parent=103183"}],"wp:term":[{"taxonomy":"category","embeddable":true,"href":"https:\/\/archive.sana.sy\/tr\/index.php?rest_route=%2Fwp%2Fv2%2Fcategories&post=103183"},{"taxonomy":"post_tag","embeddable":true,"href":"https:\/\/archive.sana.sy\/tr\/index.php?rest_route=%2Fwp%2Fv2%2Ftags&post=103183"}],"curies":[{"name":"wp","href":"https:\/\/api.w.org\/{rel}","templated":true}]}}