{"id":103190,"date":"2017-01-29T16:02:51","date_gmt":"2017-01-29T14:02:51","guid":{"rendered":"http:\/\/www.sana.sy\/tr\/?p=103190"},"modified":"2017-01-30T12:50:23","modified_gmt":"2017-01-30T10:50:23","slug":"ozel-ve-kamu-sektorun-kalkindirilmasinda-buyuk-rol-oynayacak","status":"publish","type":"post","link":"https:\/\/archive.sana.sy\/tr\/?p=103190","title":{"rendered":"\u00d6zel ve Kamu Sekt\u00f6r\u00fcn Kalk\u0131nd\u0131r\u0131lmas\u0131nda B\u00fcy\u00fck Rol Oynayacak"},"content":{"rendered":"<p>\u015eAM \u2013 \u0130dari Kalk\u0131nma Bakanl\u0131\u011f\u0131 Mutemet Ulusal E\u011fitmenci Program\u0131ndan mezun olan ve aralar\u0131nda muhtelif uzmanl\u0131klarda doktora diplomas\u0131na sahip 40 e\u011fitmenin bulundu\u011fu 180 mutemet e\u011fitmenciye mezuniyet t\u00f6reni d\u00fczenledi.<\/p>\n<p><a href=\"http:\/\/www.sana.sy\/tr\/wp-content\/uploads\/2017\/01\/DSC_3198.jpg\"><img loading=\"lazy\" decoding=\"async\" class=\"alignright wp-image-103198 size-medium\" src=\"http:\/\/www.sana.sy\/tr\/wp-content\/uploads\/2017\/01\/DSC_3198-300x200.jpg\" width=\"300\" height=\"200\" srcset=\"https:\/\/archive.sana.sy\/tr\/wp-content\/uploads\/2017\/01\/DSC_3198-300x200.jpg 300w, https:\/\/archive.sana.sy\/tr\/wp-content\/uploads\/2017\/01\/DSC_3198-150x100.jpg 150w, https:\/\/archive.sana.sy\/tr\/wp-content\/uploads\/2017\/01\/DSC_3198-768x511.jpg 768w, https:\/\/archive.sana.sy\/tr\/wp-content\/uploads\/2017\/01\/DSC_3198-1024x681.jpg 1024w\" sizes=\"auto, (max-width: 300px) 100vw, 300px\" \/><\/a>\u015eam\u2019daki Esad K\u00fct\u00fcphanesinin konferans salonunda d\u00fczenlenen t\u00f6rende konu\u015fan \u0130dari Kalk\u0131nma Bakan\u0131 Hassan el Nuri idari kalk\u0131nma s\u00fcrecinin geli\u015ftirilmesinde bakanl\u0131\u011f\u0131n g\u00f6sterdi\u011fi \u00f6zen ve harcad\u0131\u011f\u0131 \u00e7abalara dikkat \u00e7ekerken, bunun be\u015feri kaynaklar\u0131n geli\u015ftirilmesindeki rol ve \u00f6nemine vurgu yapt\u0131.<\/p>\n<p>Bakan Nuri Mutemet Ulusal E\u011fitmenci Program\u0131nda en geli\u015fmi\u015f ve en \u00f6nemli teknik ve kavramlara yer verildi\u011fini, programda yer alanlar\u0131n e\u011fitimsel yeteneklerinin en iyi \u015fekilde geli\u015ftirilmesi i\u00e7in gerekli t\u00fcm ekipmanlar\u0131n temin edildi\u011fini kaydetti. Programdan mezun olanlar\u0131n gerekli bilimsel ve teknik olanaklarla donat\u0131ld\u0131klar\u0131n\u0131 ifade eden Nuri; mezun olan mutemet e\u011fitmenlerin \u00f6zel ve kamu sekt\u00f6rlerinin idari a\u00e7\u0131dan geli\u015ftirilip kalk\u0131nd\u0131r\u0131lmas\u0131nda b\u00fcy\u00fck bir rol oynayacaklar\u0131na dikkat \u00e7ekti.<\/p>\n<div id='gallery-1' class='gallery galleryid-103190 gallery-columns-3 gallery-size-thumbnail'><figure class='gallery-item'>\n\t\t\t<div class='gallery-icon landscape'>\n\t\t\t\t<a href='https:\/\/archive.sana.sy\/tr\/wp-content\/uploads\/2017\/01\/DSC_3303.jpg'><img loading=\"lazy\" decoding=\"async\" width=\"150\" height=\"96\" src=\"https:\/\/archive.sana.sy\/tr\/wp-content\/uploads\/2017\/01\/DSC_3303-150x96.jpg\" class=\"attachment-thumbnail size-thumbnail\" alt=\"\" srcset=\"https:\/\/archive.sana.sy\/tr\/wp-content\/uploads\/2017\/01\/DSC_3303-150x96.jpg 150w, https:\/\/archive.sana.sy\/tr\/wp-content\/uploads\/2017\/01\/DSC_3303-300x193.jpg 300w, https:\/\/archive.sana.sy\/tr\/wp-content\/uploads\/2017\/01\/DSC_3303-768x494.jpg 768w, https:\/\/archive.sana.sy\/tr\/wp-content\/uploads\/2017\/01\/DSC_3303-1024x659.jpg 1024w\" sizes=\"auto, (max-width: 150px) 100vw, 150px\" \/><\/a>\n\t\t\t<\/div><\/figure><figure class='gallery-item'>\n\t\t\t<div class='gallery-icon landscape'>\n\t\t\t\t<a href='https:\/\/archive.sana.sy\/tr\/wp-content\/uploads\/2017\/01\/DSC_3211.jpg'><img loading=\"lazy\" decoding=\"async\" width=\"150\" height=\"100\" src=\"https:\/\/archive.sana.sy\/tr\/wp-content\/uploads\/2017\/01\/DSC_3211-150x100.jpg\" class=\"attachment-thumbnail size-thumbnail\" alt=\"\" srcset=\"https:\/\/archive.sana.sy\/tr\/wp-content\/uploads\/2017\/01\/DSC_3211-150x100.jpg 150w, https:\/\/archive.sana.sy\/tr\/wp-content\/uploads\/2017\/01\/DSC_3211-300x200.jpg 300w, https:\/\/archive.sana.sy\/tr\/wp-content\/uploads\/2017\/01\/DSC_3211-768x511.jpg 768w, https:\/\/archive.sana.sy\/tr\/wp-content\/uploads\/2017\/01\/DSC_3211-1024x681.jpg 1024w, https:\/\/archive.sana.sy\/tr\/wp-content\/uploads\/2017\/01\/DSC_3211-310x205.jpg 310w\" sizes=\"auto, (max-width: 150px) 100vw, 150px\" \/><\/a>\n\t\t\t<\/div><\/figure><figure class='gallery-item'>\n\t\t\t<div class='gallery-icon landscape'>\n\t\t\t\t<a href='https:\/\/archive.sana.sy\/tr\/wp-content\/uploads\/2017\/01\/DSC_3295.jpg'><img loading=\"lazy\" decoding=\"async\" width=\"150\" height=\"95\" src=\"https:\/\/archive.sana.sy\/tr\/wp-content\/uploads\/2017\/01\/DSC_3295-150x95.jpg\" class=\"attachment-thumbnail size-thumbnail\" alt=\"\" srcset=\"https:\/\/archive.sana.sy\/tr\/wp-content\/uploads\/2017\/01\/DSC_3295-150x95.jpg 150w, https:\/\/archive.sana.sy\/tr\/wp-content\/uploads\/2017\/01\/DSC_3295-300x190.jpg 300w, https:\/\/archive.sana.sy\/tr\/wp-content\/uploads\/2017\/01\/DSC_3295-768x487.jpg 768w, https:\/\/archive.sana.sy\/tr\/wp-content\/uploads\/2017\/01\/DSC_3295-1024x650.jpg 1024w\" sizes=\"auto, (max-width: 150px) 100vw, 150px\" \/><\/a>\n\t\t\t<\/div><\/figure>\n\t\t<\/div>\n\n","protected":false},"excerpt":{"rendered":"<p>\u015eAM \u2013 \u0130dari Kalk\u0131nma Bakanl\u0131\u011f\u0131 Mutemet Ulusal E\u011fitmenci Program\u0131ndan mezun olan ve aralar\u0131nda muhtelif uzmanl\u0131klarda doktora diplomas\u0131na sahip 40 e\u011fitmenin bulundu\u011fu 180 mutemet e\u011fitmenciye mezuniyet t\u00f6reni d\u00fczenledi. \u015eam\u2019daki Esad K\u00fct\u00fcphanesinin konferans salonunda d\u00fczenlenen t\u00f6rende konu\u015fan \u0130dari Kalk\u0131nma Bakan\u0131 Hassan el Nuri idari kalk\u0131nma s\u00fcrecinin geli\u015ftirilmesinde bakanl\u0131\u011f\u0131n g\u00f6sterdi\u011fi \u00f6zen ve harcad\u0131\u011f\u0131 \u00e7abalara dikkat \u00e7ekerken, bunun be\u015feri &hellip;<\/p>\n","protected":false},"author":1,"featured_media":103197,"comment_status":"closed","ping_status":"closed","sticky":false,"template":"","format":"standard","meta":{"footnotes":""},"categories":[479,17988,478],"tags":[27119,27120,27118,27117],"class_list":["post-103190","post","type-post","status-publish","format-standard","has-post-thumbnail","","category-haberler-yerel","category-son-haberler","category-yerel","tag-esad-kutuphanesinin-konferans-salonu","tag-idari-kalkinma-bakani-hassan-el-nuri-idari","tag-idari-kalkinma-bakanligi-mutemet-ulusal","tag-ozel-ve-kamu-sektorun-kalkindirilmasinda-buyuk-rol-oynayacak"],"_links":{"self":[{"href":"https:\/\/archive.sana.sy\/tr\/index.php?rest_route=\/wp\/v2\/posts\/103190","targetHints":{"allow":["GET"]}}],"collection":[{"href":"https:\/\/archive.sana.sy\/tr\/index.php?rest_route=\/wp\/v2\/posts"}],"about":[{"href":"https:\/\/archive.sana.sy\/tr\/index.php?rest_route=\/wp\/v2\/types\/post"}],"author":[{"embeddable":true,"href":"https:\/\/archive.sana.sy\/tr\/index.php?rest_route=\/wp\/v2\/users\/1"}],"replies":[{"embeddable":true,"href":"https:\/\/archive.sana.sy\/tr\/index.php?rest_route=%2Fwp%2Fv2%2Fcomments&post=103190"}],"version-history":[{"count":0,"href":"https:\/\/archive.sana.sy\/tr\/index.php?rest_route=\/wp\/v2\/posts\/103190\/revisions"}],"wp:featuredmedia":[{"embeddable":true,"href":"https:\/\/archive.sana.sy\/tr\/index.php?rest_route=\/wp\/v2\/media\/103197"}],"wp:attachment":[{"href":"https:\/\/archive.sana.sy\/tr\/index.php?rest_route=%2Fwp%2Fv2%2Fmedia&parent=103190"}],"wp:term":[{"taxonomy":"category","embeddable":true,"href":"https:\/\/archive.sana.sy\/tr\/index.php?rest_route=%2Fwp%2Fv2%2Fcategories&post=103190"},{"taxonomy":"post_tag","embeddable":true,"href":"https:\/\/archive.sana.sy\/tr\/index.php?rest_route=%2Fwp%2Fv2%2Ftags&post=103190"}],"curies":[{"name":"wp","href":"https:\/\/api.w.org\/{rel}","templated":true}]}}