{"id":103191,"date":"2017-01-29T15:06:05","date_gmt":"2017-01-29T13:06:05","guid":{"rendered":"http:\/\/www.sana.sy\/tr\/?p=103191"},"modified":"2017-01-31T09:57:09","modified_gmt":"2017-01-31T07:57:09","slug":"berada-vadisi-ve-ahalisi-radikal-terorden-kurtarildi","status":"publish","type":"post","link":"https:\/\/archive.sana.sy\/tr\/?p=103191","title":{"rendered":"Berada Vadisi ve Ahalisi Radikal Ter\u00f6rden Kurtar\u0131ld\u0131 (Video)"},"content":{"rendered":"<p>\u015eAM \u2013 Ordu ve Silahl\u0131 Kuvvetler Genel Komutanl\u0131\u011f\u0131, ordu birliklerimizin destek\u00e7i g\u00fc\u00e7lerle i\u015fbirli\u011fi i\u00e7inde \u015eam k\u0131rsal\u0131n\u0131n bat\u0131s\u0131 Berada Vadisinde yer alan belde ve k\u00f6ylerde ger\u00e7ekle\u015ftirdikleri bir dizi operasyon sonucunda b\u00f6lgeyi radikal ter\u00f6ristlerden temizlemekle birlikte ahalinin can ve mal g\u00fcvenli\u011fini sa\u011flama g\u00f6revini ba\u015far\u0131yla tamamlad\u0131klar\u0131n\u0131 belirtti.<\/p>\n<p>Genel komutanl\u0131k bug\u00fcn yay\u0131nlad\u0131\u011f\u0131 ve SANA\u2019n\u0131n bir n\u00fcshas\u0131n\u0131 ald\u0131\u011f\u0131 b\u00fclteninde, ordu birliklerimizin Berada Vadisinde sa\u011flad\u0131\u011f\u0131 ba\u015far\u0131lar\u0131n \u00f6nemine dikkat \u00e7ekti. Bu operasyonlar sonucunda bir\u00e7ok belde ve k\u00f6yde ulusal uzla\u015fman\u0131n sa\u011fland\u0131\u011f\u0131na vurgu yapan Genel Komutanl\u0131k; bunun yan\u0131 s\u0131ra yakla\u015f\u0131k 400 kilometrelik alana yay\u0131lan Bseyma, Ayn Hadra, Deyr Mukrin, Ayn el Fici, Deyr Kanun, Kfeyr el Zeyt, Hseyniye, Kefr el Avamid, Berhaliye, Afra ve Barada Vadisi \u00c7ar\u015f\u0131s\u0131n\u0131n da radikal ter\u00f6rden kurtar\u0131ld\u0131klar\u0131na vurgu yapt\u0131.<\/p>\n<p>Ordu birliklerimizin vatan topraklar\u0131n\u0131n her kar\u0131\u015f\u0131n\u0131n ter\u00f6rden temizlenmesi ve halk\u0131n g\u00fcvenli\u011fini temin etme duyarl\u0131l\u0131\u011f\u0131 ve sorumlulu\u011funun bir kez daha alt\u0131n\u0131 \u00e7izen Genel Komutanl\u0131k; Berada Vadisinin ter\u00f6rden kurtar\u0131l\u0131p g\u00fcvenlik ve istikrar\u0131n yeniden sa\u011flanmas\u0131 y\u00f6n\u00fcnde ulusalc\u0131 faaliyet ve \u015fahsiyetlerin harcad\u0131klar\u0131 ciddi ve d\u00fcr\u00fcst \u00e7abalara takdirlerini kaydetti.<\/p>\n<p>Genel Komutanl\u0131k Berada Vadisinde ger\u00e7ekle\u015ftirilen askeri operasyonlar\u0131n sarp bir do\u011fa yap\u0131s\u0131 i\u00e7inde ger\u00e7ekle\u015ftirildi\u011fine dikkat \u00e7ekerken, sivillerin saflar\u0131nda herhangi bir isabet ya da hasar\u0131n meydana gelmemesine b\u00fcy\u00fck bir \u00f6zen g\u00f6sterildi\u011fini, her ad\u0131m\u0131n olduk\u00e7a dakik ve hassas bir \u015fekilde at\u0131ld\u0131\u011f\u0131n\u0131n alt\u0131n\u0131 \u00e7izdi.<\/p>\n<p>Ordu ve Silahl\u0131 Kuvvetler Genel Komutanl\u0131\u011f\u0131 b\u00fclteninin sonunda; devlete ve halka kar\u015f\u0131 herhangi bir nedenden dolay\u0131 silah ta\u015f\u0131yan t\u00fcm Suriyelilere silahlar\u0131n\u0131 teslim etme ve 2016\/15 say\u0131l\u0131 af karar\u0131ndan faydalanmakla birlikte vatan\u0131n yap\u0131land\u0131r\u0131lmas\u0131na katk\u0131 sa\u011flama \u00e7a\u011fr\u0131s\u0131n\u0131 bir kez daha ifade etti.<\/p>\n<p>https:\/\/www.youtube.com\/watch?v=t2GYDzqEvRc<\/p>\n","protected":false},"excerpt":{"rendered":"<p>\u015eAM \u2013 Ordu ve Silahl\u0131 Kuvvetler Genel Komutanl\u0131\u011f\u0131, ordu birliklerimizin destek\u00e7i g\u00fc\u00e7lerle i\u015fbirli\u011fi i\u00e7inde \u015eam k\u0131rsal\u0131n\u0131n bat\u0131s\u0131 Berada Vadisinde yer alan belde ve k\u00f6ylerde ger\u00e7ekle\u015ftirdikleri bir dizi operasyon sonucunda b\u00f6lgeyi radikal ter\u00f6ristlerden temizlemekle birlikte ahalinin can ve mal g\u00fcvenli\u011fini sa\u011flama g\u00f6revini ba\u015far\u0131yla tamamlad\u0131klar\u0131n\u0131 belirtti. Genel komutanl\u0131k bug\u00fcn yay\u0131nlad\u0131\u011f\u0131 ve SANA\u2019n\u0131n bir n\u00fcshas\u0131n\u0131 ald\u0131\u011f\u0131 b\u00fclteninde, ordu &hellip;<\/p>\n","protected":false},"author":1,"featured_media":103209,"comment_status":"closed","ping_status":"closed","sticky":false,"template":"","format":"standard","meta":{"footnotes":""},"categories":[479,575,17988,478],"tags":[27116,27115,2770,11549,22182,7657],"class_list":["post-103191","post","type-post","status-publish","format-standard","has-post-thumbnail","","category-haberler-yerel","category-olaylar-ve-gercekler","category-son-haberler","category-yerel","tag-berada-vadisi","tag-berada-vadisi-ve-ahalisi-radikal-terorden-kurtarildi","tag-ordu-ve-silahli-kuvvetler-genel-komutanligi","tag-suriye-ordusu","tag-suriyede-savas","tag-teror-orgutleri"],"_links":{"self":[{"href":"https:\/\/archive.sana.sy\/tr\/index.php?rest_route=\/wp\/v2\/posts\/103191","targetHints":{"allow":["GET"]}}],"collection":[{"href":"https:\/\/archive.sana.sy\/tr\/index.php?rest_route=\/wp\/v2\/posts"}],"about":[{"href":"https:\/\/archive.sana.sy\/tr\/index.php?rest_route=\/wp\/v2\/types\/post"}],"author":[{"embeddable":true,"href":"https:\/\/archive.sana.sy\/tr\/index.php?rest_route=\/wp\/v2\/users\/1"}],"replies":[{"embeddable":true,"href":"https:\/\/archive.sana.sy\/tr\/index.php?rest_route=%2Fwp%2Fv2%2Fcomments&post=103191"}],"version-history":[{"count":0,"href":"https:\/\/archive.sana.sy\/tr\/index.php?rest_route=\/wp\/v2\/posts\/103191\/revisions"}],"wp:featuredmedia":[{"embeddable":true,"href":"https:\/\/archive.sana.sy\/tr\/index.php?rest_route=\/wp\/v2\/media\/103209"}],"wp:attachment":[{"href":"https:\/\/archive.sana.sy\/tr\/index.php?rest_route=%2Fwp%2Fv2%2Fmedia&parent=103191"}],"wp:term":[{"taxonomy":"category","embeddable":true,"href":"https:\/\/archive.sana.sy\/tr\/index.php?rest_route=%2Fwp%2Fv2%2Fcategories&post=103191"},{"taxonomy":"post_tag","embeddable":true,"href":"https:\/\/archive.sana.sy\/tr\/index.php?rest_route=%2Fwp%2Fv2%2Ftags&post=103191"}],"curies":[{"name":"wp","href":"https:\/\/api.w.org\/{rel}","templated":true}]}}