{"id":10320,"date":"2014-09-17T17:14:29","date_gmt":"2014-09-17T14:14:29","guid":{"rendered":"http:\/\/www.sana.sy\/tr\/?p=10320"},"modified":"2014-09-17T17:20:51","modified_gmt":"2014-09-17T14:20:51","slug":"2015-insani-yardim-planini-koymak-icin-ekip-olusturuldu","status":"publish","type":"post","link":"https:\/\/archive.sana.sy\/tr\/?p=10320","title":{"rendered":"2015 \u0130nsani Yard\u0131m Plan\u0131n\u0131 Koymak \u0130\u00e7in Ekip Olu\u015fturuldu"},"content":{"rendered":"<p>\u015eAM \u2013 \u0130nsani Yard\u0131m Y\u00fcksek Komitesi bug\u00fcn Dera, Hama ve \u0130dlib k\u0131rsallar\u0131na insani yard\u0131m\u0131 ula\u015ft\u0131rma plan\u0131n\u0131 masaya yat\u0131rmak \u00fczere topland\u0131.<\/p>\n<p><a href=\"http:\/\/www.sana.sy\/tr\/wp-content\/uploads\/2014\/09\/Sosyal-\u0130\u015fler-Bakan\u0131-2.jpg\"><img loading=\"lazy\" decoding=\"async\" class=\"alignright wp-image-10326 size-medium\" src=\"http:\/\/www.sana.sy\/tr\/wp-content\/uploads\/2014\/09\/Sosyal-\u0130\u015fler-Bakan\u0131-2-300x201.jpg\" alt=\"Sosyal \u0130\u015fler Bakan\u0131 2\" width=\"300\" height=\"201\" srcset=\"https:\/\/archive.sana.sy\/tr\/wp-content\/uploads\/2014\/09\/Sosyal-\u0130\u015fler-Bakan\u0131-2-300x201.jpg 300w, https:\/\/archive.sana.sy\/tr\/wp-content\/uploads\/2014\/09\/Sosyal-\u0130\u015fler-Bakan\u0131-2-150x100.jpg 150w, https:\/\/archive.sana.sy\/tr\/wp-content\/uploads\/2014\/09\/Sosyal-\u0130\u015fler-Bakan\u0131-2-1024x688.jpg 1024w\" sizes=\"auto, (max-width: 300px) 100vw, 300px\" \/><\/a>Sosyal \u0130\u015fler Bakan\u0131 Kinda \u015eammat komite toplant\u0131s\u0131 s\u0131ras\u0131nda ordu ve silahl\u0131 kuvvetlerin eme\u011fi sayesinde g\u00fcven ve istikrar\u0131n geri geldi\u011fi b\u00f6lgelere yard\u0131m ula\u015ft\u0131rmak i\u00e7in plan haz\u0131rland\u0131\u011f\u0131n\u0131 bildirdi.<\/p>\n<p>\u015eammat, silahl\u0131 ter\u00f6rist \u00f6rg\u00fctlerin Homs iline ba\u011fl\u0131 Hula il\u00e7esine yol alan yard\u0131m konvoylar\u0131na el koyup yard\u0131m\u0131n hedefine ula\u015fmas\u0131n\u0131 engellediklerini kaydetti.<\/p>\n<p>\u015eammat Suriye\u2019de i\u015f yapan, Birle\u015fmi\u015f Milletler\u2019e ba\u011fl\u0131 insani \u00f6rg\u00fctlerle koordinasyonlu bir \u015fekilde 2015 y\u0131l\u0131 insani yard\u0131m plan\u0131n\u0131 haz\u0131rlamak i\u00e7in bir ekip kuruldu\u011funu bildirdi.<\/p>\n","protected":false},"excerpt":{"rendered":"<p>\u015eAM \u2013 \u0130nsani Yard\u0131m Y\u00fcksek Komitesi bug\u00fcn Dera, Hama ve \u0130dlib k\u0131rsallar\u0131na insani yard\u0131m\u0131 ula\u015ft\u0131rma plan\u0131n\u0131 masaya yat\u0131rmak \u00fczere topland\u0131. Sosyal \u0130\u015fler Bakan\u0131 Kinda \u015eammat komite toplant\u0131s\u0131 s\u0131ras\u0131nda ordu ve silahl\u0131 kuvvetlerin eme\u011fi sayesinde g\u00fcven ve istikrar\u0131n geri geldi\u011fi b\u00f6lgelere yard\u0131m ula\u015ft\u0131rmak i\u00e7in plan haz\u0131rland\u0131\u011f\u0131n\u0131 bildirdi. \u015eammat, silahl\u0131 ter\u00f6rist \u00f6rg\u00fctlerin Homs iline ba\u011fl\u0131 Hula il\u00e7esine &hellip;<\/p>\n","protected":false},"author":1,"featured_media":10325,"comment_status":"closed","ping_status":"closed","sticky":false,"template":"","format":"standard","meta":{"footnotes":""},"categories":[479,478],"tags":[2383],"class_list":["post-10320","post","type-post","status-publish","format-standard","has-post-thumbnail","","category-haberler-yerel","category-yerel","tag-2015-insani-yardim-planini-koymak-icin-ekip-olusturuldu"],"_links":{"self":[{"href":"https:\/\/archive.sana.sy\/tr\/index.php?rest_route=\/wp\/v2\/posts\/10320","targetHints":{"allow":["GET"]}}],"collection":[{"href":"https:\/\/archive.sana.sy\/tr\/index.php?rest_route=\/wp\/v2\/posts"}],"about":[{"href":"https:\/\/archive.sana.sy\/tr\/index.php?rest_route=\/wp\/v2\/types\/post"}],"author":[{"embeddable":true,"href":"https:\/\/archive.sana.sy\/tr\/index.php?rest_route=\/wp\/v2\/users\/1"}],"replies":[{"embeddable":true,"href":"https:\/\/archive.sana.sy\/tr\/index.php?rest_route=%2Fwp%2Fv2%2Fcomments&post=10320"}],"version-history":[{"count":0,"href":"https:\/\/archive.sana.sy\/tr\/index.php?rest_route=\/wp\/v2\/posts\/10320\/revisions"}],"wp:featuredmedia":[{"embeddable":true,"href":"https:\/\/archive.sana.sy\/tr\/index.php?rest_route=\/wp\/v2\/media\/10325"}],"wp:attachment":[{"href":"https:\/\/archive.sana.sy\/tr\/index.php?rest_route=%2Fwp%2Fv2%2Fmedia&parent=10320"}],"wp:term":[{"taxonomy":"category","embeddable":true,"href":"https:\/\/archive.sana.sy\/tr\/index.php?rest_route=%2Fwp%2Fv2%2Fcategories&post=10320"},{"taxonomy":"post_tag","embeddable":true,"href":"https:\/\/archive.sana.sy\/tr\/index.php?rest_route=%2Fwp%2Fv2%2Ftags&post=10320"}],"curies":[{"name":"wp","href":"https:\/\/api.w.org\/{rel}","templated":true}]}}