{"id":103239,"date":"2017-01-29T16:34:22","date_gmt":"2017-01-29T14:34:22","guid":{"rendered":"http:\/\/www.sana.sy\/tr\/?p=103239"},"modified":"2017-01-29T16:34:22","modified_gmt":"2017-01-29T14:34:22","slug":"ordu-ve-silahli-kuvvetler-genel-komutanligi-ordu-birliklerimizin-sam-kirsalinin-batisi-berada-vadisindeki-belde-ve-koylerde-gorevini-basariyla-tamamladiklarini-ilan-etti","status":"publish","type":"post","link":"https:\/\/archive.sana.sy\/tr\/?p=103239","title":{"rendered":"Ordu ve Silahl\u0131 Kuvvetler Genel Komutanl\u0131\u011f\u0131, ordu birliklerimizin \u015eam k\u0131rsal\u0131n\u0131n bat\u0131s\u0131 Berada Vadisindeki belde ve k\u00f6ylerde g\u00f6revini ba\u015far\u0131yla tamamlad\u0131klar\u0131n\u0131 ilan etti"},"content":{"rendered":"<p>Ordu ve Silahl\u0131 Kuvvetler Genel Komutanl\u0131\u011f\u0131, ordu birliklerimizin \u015eam k\u0131rsal\u0131n\u0131n bat\u0131s\u0131 Berada Vadisindeki belde ve k\u00f6ylerde g\u00f6revini ba\u015far\u0131yla tamamlad\u0131klar\u0131n\u0131 ilan etti.<\/p>\n<p>&nbsp;<\/p>\n<p>https:\/\/www.youtube.com\/watch?v=t2GYDzqEvRc<\/p>\n","protected":false},"excerpt":{"rendered":"<p>Ordu ve Silahl\u0131 Kuvvetler Genel Komutanl\u0131\u011f\u0131, ordu birliklerimizin \u015eam k\u0131rsal\u0131n\u0131n bat\u0131s\u0131 Berada Vadisindeki belde ve k\u00f6ylerde g\u00f6revini ba\u015far\u0131yla tamamlad\u0131klar\u0131n\u0131 ilan etti. &nbsp; https:\/\/www.youtube.com\/watch?v=t2GYDzqEvRc<\/p>\n","protected":false},"author":1,"featured_media":103209,"comment_status":"closed","ping_status":"closed","sticky":false,"template":"","format":"standard","meta":{"footnotes":""},"categories":[18295],"tags":[27128,2770],"class_list":["post-103239","post","type-post","status-publish","format-standard","has-post-thumbnail","","category-sana-video","tag-ordu-birliklerimizin-sam-kirsalinin-batisi-berada-vadisindeki-belde-ve-koylerde-gorevini-basariyla-tamamladiklarini-ilan-etti","tag-ordu-ve-silahli-kuvvetler-genel-komutanligi"],"_links":{"self":[{"href":"https:\/\/archive.sana.sy\/tr\/index.php?rest_route=\/wp\/v2\/posts\/103239","targetHints":{"allow":["GET"]}}],"collection":[{"href":"https:\/\/archive.sana.sy\/tr\/index.php?rest_route=\/wp\/v2\/posts"}],"about":[{"href":"https:\/\/archive.sana.sy\/tr\/index.php?rest_route=\/wp\/v2\/types\/post"}],"author":[{"embeddable":true,"href":"https:\/\/archive.sana.sy\/tr\/index.php?rest_route=\/wp\/v2\/users\/1"}],"replies":[{"embeddable":true,"href":"https:\/\/archive.sana.sy\/tr\/index.php?rest_route=%2Fwp%2Fv2%2Fcomments&post=103239"}],"version-history":[{"count":0,"href":"https:\/\/archive.sana.sy\/tr\/index.php?rest_route=\/wp\/v2\/posts\/103239\/revisions"}],"wp:featuredmedia":[{"embeddable":true,"href":"https:\/\/archive.sana.sy\/tr\/index.php?rest_route=\/wp\/v2\/media\/103209"}],"wp:attachment":[{"href":"https:\/\/archive.sana.sy\/tr\/index.php?rest_route=%2Fwp%2Fv2%2Fmedia&parent=103239"}],"wp:term":[{"taxonomy":"category","embeddable":true,"href":"https:\/\/archive.sana.sy\/tr\/index.php?rest_route=%2Fwp%2Fv2%2Fcategories&post=103239"},{"taxonomy":"post_tag","embeddable":true,"href":"https:\/\/archive.sana.sy\/tr\/index.php?rest_route=%2Fwp%2Fv2%2Ftags&post=103239"}],"curies":[{"name":"wp","href":"https:\/\/api.w.org\/{rel}","templated":true}]}}